{"id":60067,"date":"2020-04-08T13:52:12","date_gmt":"2020-04-08T16:52:12","guid":{"rendered":"https:\/\/www.actualidadadiario.com\/?p=60067"},"modified":"2020-04-08T13:52:12","modified_gmt":"2020-04-08T16:52:12","slug":"no-hay-levantamiento-de-la-cuarentena","status":"publish","type":"post","link":"https:\/\/www.actualidadadiario.com\/index.php\/2020\/04\/08\/no-hay-levantamiento-de-la-cuarentena\/","title":{"rendered":"&#8220;No hay levantamiento de la cuarentena&#8221;"},"content":{"rendered":"<p style=\"text-align: center;\"><em><strong>El jefe de Estado asegur\u00f3 que los especialistas esperan el pico de contagios para la segunda quincena de mayo y dijo que &#8220;no se va a flexibilizar&#8221; el aislamiento social. Sostuvo que el gobierno ve &#8220;cierto relajamiento&#8221; y advirti\u00f3 que en &#8220;centros urbanos seremos mucho m\u00e1s estrictos&#8221; con los controles<\/strong><\/em><\/p>\n<p>&nbsp;<\/p>\n<p>&nbsp;<\/p>\n<p>El presidente Alberto Fern\u00e1ndez anticip\u00f3 esta ma\u00f1ana que &#8220;no se va a flexibilizar&#8221; el aislamiento social preventivo y obligatorio por el coronavirus despu\u00e9s del domingo 12 de abril. Por el contrario, advirti\u00f3 que &#8220;en centros urbanos seremos mucho m\u00e1s estrictos&#8221;.<\/p>\n<p>Asegur\u00f3 que &#8220;en la Ciudad, el Conurbano y los grandes centros urbanos va a haber \u00ednfimas alteraciones&#8221; desde el lunes respecto a las restricciones- &#8220;Va a ser casi igual que ahora&#8221;, complet\u00f3.<\/p>\n<p>\u201cEstamos a mitad de camino, todav\u00eda no hemos logrado nada. Esta cuarentena ha salvado cientos de vidas humanas y tenemos que seguir adelante. No hay ning\u00fan levantamiento de cuarentena&#8221;, remarc\u00f3. &#8220;Nos estamos preparando para momentos m\u00e1s dif\u00edciles, para m\u00e1s contagios&#8221;, a\u00f1adi\u00f3.<\/p>\n<p>&nbsp;<\/p>\n<p><strong>&#8220;El control se ha relajado&#8221;<\/strong><\/p>\n<p>Fern\u00e1ndez dijo que el gobierno ve &#8220;cierto relajamiento&#8221; en el cumplimiento delas medidas de aislamiento social y repiti\u00f3 que &#8220;no hay ning\u00fan levantamiento de la cuarentena&#8221; a partir del pr\u00f3ximo lunes.<\/p>\n<p>&#8220;El control se ha relajado, ayer le ped\u00ed a los ministros que se pongan m\u00e1s estrictos y hagan controlar caso por caso&#8221;, dijo el Presidente en declaraciones a Canal 13, en las que agreg\u00f3: &#8220;Necesito que la gente no circule, que no haya m\u00e1s de seis personas por colectivo&#8221;.<\/p>\n<p>&nbsp;<\/p>\n<p><strong>Pico de contagios para mitad de mayo<\/strong><\/p>\n<p>El mandatario inform\u00f3 que los expertos m\u00e9dicos &#8220;estiman que el pico&#8221; de la enfermedad &#8220;se va a dar en la segunda quincena de mayo&#8221; y por eso la cuarentena &#8220;va a continuar&#8221;. En muchos industriales hay preocupaci\u00f3n por abrir las f\u00e1bricas y hay cierta ansiedad que comprendo&#8221;, dijo el mandatario pero pidi\u00f3 que &#8220;escuchen a los expertos para que se den cuenta de lo que pasa y cu\u00e1les son los riesgos&#8221;.<\/p>\n<p>&#8220;Estamos viendo focalizar algunas actividades que parecen tener menos riesgo para poder hacerse&#8221;, adelant\u00f3 el jefe de Estado y cont\u00f3 que en su reuni\u00f3n del martes con los gobernadores por videoconferencia les plante\u00f3 su &#8220;preocupaci\u00f3n por lo que uno ve en todo el pa\u00eds&#8221;.<\/p>\n<p>Consultado sobre cu\u00e1ndo va a realizar el anuncio sobre la extensi\u00f3n de la cuarentena, Alberto Fern\u00e1ndez indic\u00f3 que lo har\u00e1 &#8220;cuando tenga claro el panorama en el Interior&#8221;. &#8220;Los gobernadores quedaron en acercarme un poco de la informaci\u00f3n de cada lugar, qu\u00e9 elementos se podr\u00edan hacer. Todos estuvieron de acuerdo en prolongar la cuarentena&#8221;, asegur\u00f3.<\/p>\n<p>&nbsp;<\/p>\n<p><strong>El uso de barbijos<\/strong><\/p>\n<p>Respecto al uso de barbijos, el Presidente sostuvo que el Gobierno se gu\u00eda por los lineamientos de la OMS y dijo que no est\u00e1 previsto hacer obligatorio su uso. Sin embargo, plante\u00f3: &#8220;Si lo quieren usar, bienvenido sea; se protegen m\u00e1s&#8221;.<\/p>\n<p>&#8220;La OMS fue cambiando su opini\u00f3n. Inicialmente dijo que el barbijo solo serv\u00eda para que el que estuviera infectado no transmita. Despu\u00e9s fue diciendo que lo que abunda no da\u00f1a. Si todos usan barbijo, mejor&#8221;, dijo Fern\u00e1ndez. Pero aclar\u00f3 que &#8220;es muy dif\u00edcil repartir barbijos a todos los argentinos&#8221;.<\/p>\n<p>En esa l\u00ednea, afirm\u00f3 que &#8220;si cubrimos nuestra boca y nuestra nariz ayudamos a que el contagio sea m\u00e1s dif\u00edcil, y para eso podemos hacer barbijos caseros, y eso si la gente lo hace, bienvenido sea&#8221;.<\/p>\n<p>&nbsp;<\/p>\n<p><strong>Las compras de alimentos en Desarrollo Social<\/strong><\/p>\n<p>Alberto Fern\u00e1ndez confirm\u00f3 que resolvi\u00f3 que &#8220;se cambie todo el \u00e1rea de compras&#8221; del Ministerio de Desarrollo Social, que esta semana realiz\u00f3 una compra de alimentos para comedores que inclu\u00eda dos \u00edtems -aceite y az\u00facar- con precios por encima de los m\u00e1ximos oficiales.<\/p>\n<p>El mandatario asegur\u00f3 que &#8220;nadie se para frente al Estado&#8221; y sostuvo que, cuando habla de reformularlo, habla de &#8220;hacer un Estado honesto, inteligente e id\u00f3neo&#8221;.<\/p>\n<p>&#8220;No vamos a tolerar ning\u00fan tipo de conducta poco transparente&#8221;, reafirm\u00f3 y dijo que necesita &#8220;gente que trabaje y no p\u00edcaros, gente que no se equivoque&#8221;. Agreg\u00f3 que\u00a0 acord\u00f3 con el ministro de Desarrollo Social, Daniel Arroyo &#8220;ser muy cuidadosos sobre a qui\u00e9n poner al frente del \u00e1rea para que no vuelve a repetirse&#8221;.<\/p>\n","protected":false},"excerpt":{"rendered":"<p>El jefe de Estado asegur\u00f3 que los especialistas esperan el pico de contagios para la segunda quincena de mayo y dijo que &#8220;no se va a flexibilizar&#8221; el aislamiento social. Sostuvo que el gobierno ve &#8220;cierto relajamiento&#8221; y advirti\u00f3 que en &#8220;centros urbanos seremos mucho m\u00e1s estrictos&#8221; con los controles &nbsp; &nbsp; El presidente Alberto Fern\u00e1ndez anticip\u00f3 esta ma\u00f1ana que &#8220;no se va a flexibilizar&#8221; el aislamiento social preventivo y obligatorio por el coronavirus despu\u00e9s del domingo 12 de abril. Por el contrario, advirti\u00f3 que &#8220;en centros urbanos seremos mucho&#8230;<\/p>\n","protected":false},"author":3,"featured_media":59180,"comment_status":"closed","ping_status":"closed","sticky":false,"template":"","format":"standard","meta":[],"categories":[9],"tags":[],"_links":{"self":[{"href":"https:\/\/www.actualidadadiario.com\/index.php\/wp-json\/wp\/v2\/posts\/60067"}],"collection":[{"href":"https:\/\/www.actualidadadiario.com\/index.php\/wp-json\/wp\/v2\/posts"}],"about":[{"href":"https:\/\/www.actualidadadiario.com\/index.php\/wp-json\/wp\/v2\/types\/post"}],"author":[{"embeddable":true,"href":"https:\/\/www.actualidadadiario.com\/index.php\/wp-json\/wp\/v2\/users\/3"}],"replies":[{"embeddable":true,"href":"https:\/\/www.actualidadadiario.com\/index.php\/wp-json\/wp\/v2\/comments?post=60067"}],"version-history":[{"count":1,"href":"https:\/\/www.actualidadadiario.com\/index.php\/wp-json\/wp\/v2\/posts\/60067\/revisions"}],"predecessor-version":[{"id":60068,"href":"https:\/\/www.actualidadadiario.com\/index.php\/wp-json\/wp\/v2\/posts\/60067\/revisions\/60068"}],"wp:featuredmedia":[{"embeddable":true,"href":"https:\/\/www.actualidadadiario.com\/index.php\/wp-json\/wp\/v2\/media\/59180"}],"wp:attachment":[{"href":"https:\/\/www.actualidadadiario.com\/index.php\/wp-json\/wp\/v2\/media?parent=60067"}],"wp:term":[{"taxonomy":"category","embeddable":true,"href":"https:\/\/www.actualidadadiario.com\/index.php\/wp-json\/wp\/v2\/categories?post=60067"},{"taxonomy":"post_tag","embeddable":true,"href":"https:\/\/www.actualidadadiario.com\/index.php\/wp-json\/wp\/v2\/tags?post=60067"}],"curies":[{"name":"wp","href":"https:\/\/api.w.org\/{rel}","templated":true}]}}