{"id":60061,"date":"2020-04-08T13:50:32","date_gmt":"2020-04-08T16:50:32","guid":{"rendered":"https:\/\/www.actualidadadiario.com\/?p=60061"},"modified":"2020-04-08T13:50:32","modified_gmt":"2020-04-08T16:50:32","slug":"el-ministerio-de-salud-dio-detalles-sobre-la-necesidad-de-los-barbijos","status":"publish","type":"post","link":"https:\/\/www.actualidadadiario.com\/index.php\/2020\/04\/08\/el-ministerio-de-salud-dio-detalles-sobre-la-necesidad-de-los-barbijos\/","title":{"rendered":"El Ministerio de Salud dio detalles sobre la necesidad de los barbijos"},"content":{"rendered":"<p style=\"text-align: center;\"><em><strong>En el marco de la presentaci\u00f3n de su reporte diario, la secretaria de Acceso a la Salud, Carla Vizzotti, remarc\u00f3 que \u201ces una medida de protecci\u00f3n adicional\u201d a las medidas establecidas para evitar el contagio como el lavado, la ventilaci\u00f3n de ambientes y el aislamiento social<\/strong><\/em><\/p>\n<p>&nbsp;<\/p>\n<p>&nbsp;<\/p>\n<p>La secretaria de Acceso a la Salud, Carla Vizzotti, remarc\u00f3 que &#8220;el uso de barbijos profesionales debe reserve para profesionales de la salud&#8221;. En este sentido, hizo hincapi\u00e9 en que es menester continuar con el aislamiento social preventivo y obligatorio para evitar la propagaci\u00f3n del coronavirus.<\/p>\n<p>Las palabras de la funcionaria se dieron en el marco de la presentaci\u00f3n del reporte diario que realiza la cartera sanitaria, donde Vizzotti record\u00f3 que los barbijos de &#8220;alta eficacia&#8221; son &#8220;insumos cr\u00edticos a nivel mundial&#8221; que deben reservarse para los equipos de salud.<\/p>\n<p>La secretaria de Acceso a la Salud explic\u00f3 este mi\u00e9rcoles que el uso de barbijos caseros es una medida de protecci\u00f3n &#8220;adicional&#8221; para evitar difundir el coronavirus en per\u00edodos asintom\u00e1ticos de la enfermedad pero que de ninguna manera &#8220;reemplaza&#8221; a las recomendaciones como el lavado de manos y superficies, la ventilaci\u00f3n de ambientes y, sobre todo, no elimina la necesidad del distanciamiento social.<\/p>\n<p>Cuando falta una semana para el presunto final del aislamiento social, preventivo y obligatorio total en la Argentina -en principio- y persisten dudas respecto de c\u00f3mo ser\u00e1 la salida paulatina de esa cuarentena ante el avance del coronavirus, tanto en el mundo como en el pa\u00eds empiezan a aparecer dudas y decisiones diversas respecto de si es recomendable o no el uso del barbijo para salir a la calle.<\/p>\n<p>Por lo pronto, en la Argentina ya hay dos provincias que actualmente obligan a sus habitantes a salir de sus hogares con barbijo o cualquier otro protector facial, otra que lo har\u00e1 a partir del viernes y hasta un municipio bonaerense que se sum\u00f3 a esa normativa.<\/p>\n","protected":false},"excerpt":{"rendered":"<p>En el marco de la presentaci\u00f3n de su reporte diario, la secretaria de Acceso a la Salud, Carla Vizzotti, remarc\u00f3 que \u201ces una medida de protecci\u00f3n adicional\u201d a las medidas establecidas para evitar el contagio como el lavado, la ventilaci\u00f3n de ambientes y el aislamiento social &nbsp; &nbsp; La secretaria de Acceso a la Salud, Carla Vizzotti, remarc\u00f3 que &#8220;el uso de barbijos profesionales debe reserve para profesionales de la salud&#8221;. En este sentido, hizo hincapi\u00e9 en que es menester continuar con el aislamiento social preventivo y obligatorio para evitar&#8230;<\/p>\n","protected":false},"author":3,"featured_media":60062,"comment_status":"closed","ping_status":"closed","sticky":false,"template":"","format":"standard","meta":[],"categories":[2],"tags":[],"_links":{"self":[{"href":"https:\/\/www.actualidadadiario.com\/index.php\/wp-json\/wp\/v2\/posts\/60061"}],"collection":[{"href":"https:\/\/www.actualidadadiario.com\/index.php\/wp-json\/wp\/v2\/posts"}],"about":[{"href":"https:\/\/www.actualidadadiario.com\/index.php\/wp-json\/wp\/v2\/types\/post"}],"author":[{"embeddable":true,"href":"https:\/\/www.actualidadadiario.com\/index.php\/wp-json\/wp\/v2\/users\/3"}],"replies":[{"embeddable":true,"href":"https:\/\/www.actualidadadiario.com\/index.php\/wp-json\/wp\/v2\/comments?post=60061"}],"version-history":[{"count":1,"href":"https:\/\/www.actualidadadiario.com\/index.php\/wp-json\/wp\/v2\/posts\/60061\/revisions"}],"predecessor-version":[{"id":60063,"href":"https:\/\/www.actualidadadiario.com\/index.php\/wp-json\/wp\/v2\/posts\/60061\/revisions\/60063"}],"wp:featuredmedia":[{"embeddable":true,"href":"https:\/\/www.actualidadadiario.com\/index.php\/wp-json\/wp\/v2\/media\/60062"}],"wp:attachment":[{"href":"https:\/\/www.actualidadadiario.com\/index.php\/wp-json\/wp\/v2\/media?parent=60061"}],"wp:term":[{"taxonomy":"category","embeddable":true,"href":"https:\/\/www.actualidadadiario.com\/index.php\/wp-json\/wp\/v2\/categories?post=60061"},{"taxonomy":"post_tag","embeddable":true,"href":"https:\/\/www.actualidadadiario.com\/index.php\/wp-json\/wp\/v2\/tags?post=60061"}],"curies":[{"name":"wp","href":"https:\/\/api.w.org\/{rel}","templated":true}]}}