{"id":60052,"date":"2020-04-08T13:47:55","date_gmt":"2020-04-08T16:47:55","guid":{"rendered":"https:\/\/www.actualidadadiario.com\/?p=60052"},"modified":"2020-04-08T13:47:55","modified_gmt":"2020-04-08T16:47:55","slug":"en-doce-provincias-la-pobreza-supero-el-40-en-el-cuarto-trimestre","status":"publish","type":"post","link":"https:\/\/www.actualidadadiario.com\/index.php\/2020\/04\/08\/en-doce-provincias-la-pobreza-supero-el-40-en-el-cuarto-trimestre\/","title":{"rendered":"En doce provincias la pobreza super\u00f3 el 40% en el cuarto trimestre"},"content":{"rendered":"<p style=\"text-align: center;\"><em><strong>En Santiago del Estero casi llega a 50%. La zona norte es la m\u00e1s afectada. La indigencia a nivel nacional alcanz\u00f3 el 8,4%<\/strong><\/em><\/p>\n<p>&nbsp;<\/p>\n<p>&nbsp;<\/p>\n<p>&nbsp;<\/p>\n<p>La pobreza super\u00f3 el 40% en doce provincias durante el cuarto trimestre. As\u00ed lo advierte un informe del Instituto de Pensamiento y Pol\u00edticas P\u00fablicas que analiz\u00f3 la dimensi\u00f3n territorial de este flagelo y estim\u00f3, en base a datos de la EPH del Indec, que el 35,5% a nivel nacional que public\u00f3 la semana pasada el organismo estad\u00edstico se compuso de un 33,1% en el per\u00edodo julio-septiembre y un 37,9% en los \u00faltimos tres meses de 2019.<\/p>\n<p>El estudio se\u00f1ala que en quince provincias la proporci\u00f3n de personas que no pudieron satisfacer sus necesidades b\u00e1sicas super\u00f3 la media nacional del 38% en el cuarto trimestre. El nivel m\u00e1s elevado lo registr\u00f3 Santiago del Estero, donde la tasa de pobreza alcanz\u00f3 el 49,2%, seguida de Salta (48,4%), Misiones (46,3%) y La Rioja (42,5%).<\/p>\n<p>&#8220;Si bien la incidencia de la pobreza se acent\u00faa notablemente en la zona norte del territorio nacional, la distribuci\u00f3n demogr\u00e1fica producto de la concentraci\u00f3n de oportunidades en la franja central del pa\u00eds, implica que en unas pocas provincias habite la mayor parte de la poblaci\u00f3n pobre&#8221;, resalt\u00f3 el instituto coordinado por Ana Rameri y fundado por Claudio Lozano. As\u00ed, entre Buenos Aires, C\u00f3rdoba y Santa Fe concentran el 60% de los pobres del pa\u00eds.<\/p>\n<p>Respecto de la indigencia, que a nivel nacional alcanz\u00f3 el 8,4% en el cuarto trimestre, Buenos Aires fue la \u00fanica provincia en la que alcanz\u00f3 los dos d\u00edgitos, con una tasa del 11,3%. El territorio bonaerense concentr\u00f3 el 52% del total de indigentes, casi 2 millones de personas.<\/p>\n<p>El cuadro se vuelve a\u00fan m\u00e1s preocupante a la luz de la coronacrisis que, seg\u00fan el grueso de los especialistas, profundizar\u00e1 el deterioro social.<\/p>\n","protected":false},"excerpt":{"rendered":"<p>En Santiago del Estero casi llega a 50%. La zona norte es la m\u00e1s afectada. La indigencia a nivel nacional alcanz\u00f3 el 8,4% &nbsp; &nbsp; &nbsp; La pobreza super\u00f3 el 40% en doce provincias durante el cuarto trimestre. As\u00ed lo advierte un informe del Instituto de Pensamiento y Pol\u00edticas P\u00fablicas que analiz\u00f3 la dimensi\u00f3n territorial de este flagelo y estim\u00f3, en base a datos de la EPH del Indec, que el 35,5% a nivel nacional que public\u00f3 la semana pasada el organismo estad\u00edstico se compuso de un 33,1% en el&#8230;<\/p>\n","protected":false},"author":3,"featured_media":51253,"comment_status":"closed","ping_status":"closed","sticky":false,"template":"","format":"standard","meta":[],"categories":[2],"tags":[],"_links":{"self":[{"href":"https:\/\/www.actualidadadiario.com\/index.php\/wp-json\/wp\/v2\/posts\/60052"}],"collection":[{"href":"https:\/\/www.actualidadadiario.com\/index.php\/wp-json\/wp\/v2\/posts"}],"about":[{"href":"https:\/\/www.actualidadadiario.com\/index.php\/wp-json\/wp\/v2\/types\/post"}],"author":[{"embeddable":true,"href":"https:\/\/www.actualidadadiario.com\/index.php\/wp-json\/wp\/v2\/users\/3"}],"replies":[{"embeddable":true,"href":"https:\/\/www.actualidadadiario.com\/index.php\/wp-json\/wp\/v2\/comments?post=60052"}],"version-history":[{"count":1,"href":"https:\/\/www.actualidadadiario.com\/index.php\/wp-json\/wp\/v2\/posts\/60052\/revisions"}],"predecessor-version":[{"id":60053,"href":"https:\/\/www.actualidadadiario.com\/index.php\/wp-json\/wp\/v2\/posts\/60052\/revisions\/60053"}],"wp:featuredmedia":[{"embeddable":true,"href":"https:\/\/www.actualidadadiario.com\/index.php\/wp-json\/wp\/v2\/media\/51253"}],"wp:attachment":[{"href":"https:\/\/www.actualidadadiario.com\/index.php\/wp-json\/wp\/v2\/media?parent=60052"}],"wp:term":[{"taxonomy":"category","embeddable":true,"href":"https:\/\/www.actualidadadiario.com\/index.php\/wp-json\/wp\/v2\/categories?post=60052"},{"taxonomy":"post_tag","embeddable":true,"href":"https:\/\/www.actualidadadiario.com\/index.php\/wp-json\/wp\/v2\/tags?post=60052"}],"curies":[{"name":"wp","href":"https:\/\/api.w.org\/{rel}","templated":true}]}}