{"id":60044,"date":"2020-04-08T13:45:42","date_gmt":"2020-04-08T16:45:42","guid":{"rendered":"https:\/\/www.actualidadadiario.com\/?p=60044"},"modified":"2020-04-08T13:45:42","modified_gmt":"2020-04-08T16:45:42","slug":"diputados-se-informaran-sobre-las-medidas-tomadas-por-el-gobierno-provincial-ante-el-coronavirus","status":"publish","type":"post","link":"https:\/\/www.actualidadadiario.com\/index.php\/2020\/04\/08\/diputados-se-informaran-sobre-las-medidas-tomadas-por-el-gobierno-provincial-ante-el-coronavirus\/","title":{"rendered":"Diputados se informar\u00e1n sobre las medidas tomadas por el Gobierno provincial ante el coronavirus"},"content":{"rendered":"<p style=\"text-align: center;\"><em><strong>Siguiendo con las disposiciones tomadas por el presidente de la C\u00e1mara de Diputados, \u00c1ngel Giano, para respetar el distanciamiento social, este mi\u00e9rcoles desde las 11 se concretar\u00e1 una nueva videoconferencia para analizar la situaci\u00f3n de la provincia en torno al coronavirus. En la oportunidad, funcionarios responder\u00e1n las preguntas de los legisladores<\/strong><\/em><\/p>\n<p>&nbsp;<\/p>\n<p>La videoconferencia se realizar\u00e1 en el Centro Provincial de Convenciones y contar\u00e1 con la presencia de las ministras de Gobierno, Rosario Romero, y de Desarrollo Social, Marisa Paira, el presidente del Consejo General de Educaci\u00f3n, Martin M\u00fcller y el Jefe de la Polic\u00eda de Entre R\u00edos, Gustavo Maslein.<\/p>\n<p>Giano dispuso esta nueva reuni\u00f3n virtual para que las y los diputados realicen preguntas respecto a las medidas que est\u00e1 llevando adelante el Gobierno provincial en relaci\u00f3n a la emergencia sanitaria por Covid-19.<\/p>\n<p>Las y los legisladores recibir\u00e1n informaci\u00f3n directa de funcionarios del Poder Ejecutivo, tal como sucediera la semana pasada con las a\u00e9reas de salud, producci\u00f3n y econom\u00eda, encuentro que estuvo presidido por el gobernador Gustavo Bordet.<\/p>\n","protected":false},"excerpt":{"rendered":"<p>Siguiendo con las disposiciones tomadas por el presidente de la C\u00e1mara de Diputados, \u00c1ngel Giano, para respetar el distanciamiento social, este mi\u00e9rcoles desde las 11 se concretar\u00e1 una nueva videoconferencia para analizar la situaci\u00f3n de la provincia en torno al coronavirus. En la oportunidad, funcionarios responder\u00e1n las preguntas de los legisladores &nbsp; La videoconferencia se realizar\u00e1 en el Centro Provincial de Convenciones y contar\u00e1 con la presencia de las ministras de Gobierno, Rosario Romero, y de Desarrollo Social, Marisa Paira, el presidente del Consejo General de Educaci\u00f3n, Martin M\u00fcller y&#8230;<\/p>\n","protected":false},"author":3,"featured_media":60045,"comment_status":"closed","ping_status":"closed","sticky":false,"template":"","format":"standard","meta":[],"categories":[15],"tags":[],"_links":{"self":[{"href":"https:\/\/www.actualidadadiario.com\/index.php\/wp-json\/wp\/v2\/posts\/60044"}],"collection":[{"href":"https:\/\/www.actualidadadiario.com\/index.php\/wp-json\/wp\/v2\/posts"}],"about":[{"href":"https:\/\/www.actualidadadiario.com\/index.php\/wp-json\/wp\/v2\/types\/post"}],"author":[{"embeddable":true,"href":"https:\/\/www.actualidadadiario.com\/index.php\/wp-json\/wp\/v2\/users\/3"}],"replies":[{"embeddable":true,"href":"https:\/\/www.actualidadadiario.com\/index.php\/wp-json\/wp\/v2\/comments?post=60044"}],"version-history":[{"count":1,"href":"https:\/\/www.actualidadadiario.com\/index.php\/wp-json\/wp\/v2\/posts\/60044\/revisions"}],"predecessor-version":[{"id":60046,"href":"https:\/\/www.actualidadadiario.com\/index.php\/wp-json\/wp\/v2\/posts\/60044\/revisions\/60046"}],"wp:featuredmedia":[{"embeddable":true,"href":"https:\/\/www.actualidadadiario.com\/index.php\/wp-json\/wp\/v2\/media\/60045"}],"wp:attachment":[{"href":"https:\/\/www.actualidadadiario.com\/index.php\/wp-json\/wp\/v2\/media?parent=60044"}],"wp:term":[{"taxonomy":"category","embeddable":true,"href":"https:\/\/www.actualidadadiario.com\/index.php\/wp-json\/wp\/v2\/categories?post=60044"},{"taxonomy":"post_tag","embeddable":true,"href":"https:\/\/www.actualidadadiario.com\/index.php\/wp-json\/wp\/v2\/tags?post=60044"}],"curies":[{"name":"wp","href":"https:\/\/api.w.org\/{rel}","templated":true}]}}