{"id":60040,"date":"2020-04-08T13:44:27","date_gmt":"2020-04-08T16:44:27","guid":{"rendered":"https:\/\/www.actualidadadiario.com\/?p=60040"},"modified":"2020-04-08T13:44:27","modified_gmt":"2020-04-08T16:44:27","slug":"el-gobierno-provincial-reconoce-que-hay-sectores-economicos-que-estan-padeciendo-el-cierre-por-la-cuarentena","status":"publish","type":"post","link":"https:\/\/www.actualidadadiario.com\/index.php\/2020\/04\/08\/el-gobierno-provincial-reconoce-que-hay-sectores-economicos-que-estan-padeciendo-el-cierre-por-la-cuarentena\/","title":{"rendered":"El Gobierno provincial reconoce que hay sectores econ\u00f3micos que est\u00e1n padeciendo el cierre por la cuarentena"},"content":{"rendered":"<p style=\"text-align: center;\"><em><strong>El ministro de Producci\u00f3n y Turismo, Juan Jos\u00e9 Bahillo, reconoci\u00f3 que hay sectores de la econom\u00eda provincial est\u00e1n \u201cpadeciendo\u201d la crisis producida por el parate generado por la cuarentena dictada por el Gobierno provincial para frenar la pandemia de Coronavirus. Afirm\u00f3 tambi\u00e9n que existe \u201cangustia\u201d por la imprevisibilidad de la crisis<\/strong><\/em><\/p>\n<p>&nbsp;<\/p>\n<p>&nbsp;<\/p>\n<p>\u201cHay que describir con crudeza: muchos sectores est\u00e1n padeciendo. Son consecuencias inevitables a la hora de priorizar la salud. Parar la econom\u00eda en 24 horas, ponerle este freno de mano de manera tan abrupta, genera este tipo de consecuencias\u201d, asegur\u00f3 Bahillo en una entrevista realizada el lunes por la noche en el programa \u201cQui\u00e9n dice Qu\u00e9\u201d (Canal 11).<\/p>\n<p>\u201cLa decisi\u00f3n que ha tomado el Gobernador (Gustavo) Bordet es ir acompa\u00f1ando las determinaciones del Presidente de la Naci\u00f3n, que est\u00e1 muy bien asesorado por el Comit\u00e9 de Expertos en materia de salud\u201d, record\u00f3.<\/p>\n<p>\u201cTenemos que ser cautos. Y prepararnos porque en alg\u00fan momento vendr\u00e1 una salida de la cuarentena que ser\u00e1 gradual, quiz\u00e1 sectorial\u201d, adelant\u00f3.<\/p>\n<p>\u201cLa gente \u2013 consign\u00f3 \u2013 est\u00e1\u00a0 entendiendo que la prioridad es la salud, pero est\u00e1 angustiada. El comerciante, la empresa Pyme, los monotributistas, los prestadores tur\u00edsticos, los sectores del trabajo est\u00e1n angustiados por la imprevisibilidad que marca esta crisis\u201d, agreg\u00f3<\/p>\n<p>Dentro de los interrogantes que est\u00e1n pendientes, el Ministro detall\u00f3: \u201c\u00bfCu\u00e1ndo se vuelve al trabajo? \u00bfC\u00f3mo afectar\u00e1 a la actividad econ\u00f3mica? Nosotros trasladamos esto permanentemente a las autoridades nacionales. Lo que buscan nuestros comerciantes, nuestros empresarios, adem\u00e1s de la reapertura, es financiamiento para poder pagar sueldos y que la gente no pierda el trabajo\u201d, consign\u00f3.<\/p>\n","protected":false},"excerpt":{"rendered":"<p>El ministro de Producci\u00f3n y Turismo, Juan Jos\u00e9 Bahillo, reconoci\u00f3 que hay sectores de la econom\u00eda provincial est\u00e1n \u201cpadeciendo\u201d la crisis producida por el parate generado por la cuarentena dictada por el Gobierno provincial para frenar la pandemia de Coronavirus. Afirm\u00f3 tambi\u00e9n que existe \u201cangustia\u201d por la imprevisibilidad de la crisis &nbsp; &nbsp; \u201cHay que describir con crudeza: muchos sectores est\u00e1n padeciendo. Son consecuencias inevitables a la hora de priorizar la salud. Parar la econom\u00eda en 24 horas, ponerle este freno de mano de manera tan abrupta, genera este tipo&#8230;<\/p>\n","protected":false},"author":3,"featured_media":20947,"comment_status":"closed","ping_status":"closed","sticky":false,"template":"","format":"standard","meta":[],"categories":[15],"tags":[],"_links":{"self":[{"href":"https:\/\/www.actualidadadiario.com\/index.php\/wp-json\/wp\/v2\/posts\/60040"}],"collection":[{"href":"https:\/\/www.actualidadadiario.com\/index.php\/wp-json\/wp\/v2\/posts"}],"about":[{"href":"https:\/\/www.actualidadadiario.com\/index.php\/wp-json\/wp\/v2\/types\/post"}],"author":[{"embeddable":true,"href":"https:\/\/www.actualidadadiario.com\/index.php\/wp-json\/wp\/v2\/users\/3"}],"replies":[{"embeddable":true,"href":"https:\/\/www.actualidadadiario.com\/index.php\/wp-json\/wp\/v2\/comments?post=60040"}],"version-history":[{"count":1,"href":"https:\/\/www.actualidadadiario.com\/index.php\/wp-json\/wp\/v2\/posts\/60040\/revisions"}],"predecessor-version":[{"id":60041,"href":"https:\/\/www.actualidadadiario.com\/index.php\/wp-json\/wp\/v2\/posts\/60040\/revisions\/60041"}],"wp:featuredmedia":[{"embeddable":true,"href":"https:\/\/www.actualidadadiario.com\/index.php\/wp-json\/wp\/v2\/media\/20947"}],"wp:attachment":[{"href":"https:\/\/www.actualidadadiario.com\/index.php\/wp-json\/wp\/v2\/media?parent=60040"}],"wp:term":[{"taxonomy":"category","embeddable":true,"href":"https:\/\/www.actualidadadiario.com\/index.php\/wp-json\/wp\/v2\/categories?post=60040"},{"taxonomy":"post_tag","embeddable":true,"href":"https:\/\/www.actualidadadiario.com\/index.php\/wp-json\/wp\/v2\/tags?post=60040"}],"curies":[{"name":"wp","href":"https:\/\/api.w.org\/{rel}","templated":true}]}}