{"id":60031,"date":"2020-04-08T13:41:27","date_gmt":"2020-04-08T16:41:27","guid":{"rendered":"https:\/\/www.actualidadadiario.com\/?p=60031"},"modified":"2020-04-08T13:41:27","modified_gmt":"2020-04-08T16:41:27","slug":"el-gobierno-provincial-acordo-con-el-bersa-1-000-millones-de-pesos-en-creditos-para-mipymes","status":"publish","type":"post","link":"https:\/\/www.actualidadadiario.com\/index.php\/2020\/04\/08\/el-gobierno-provincial-acordo-con-el-bersa-1-000-millones-de-pesos-en-creditos-para-mipymes\/","title":{"rendered":"El gobierno provincial acord\u00f3 con el Bersa 1.000 millones de pesos en cr\u00e9ditos para MiPyMES"},"content":{"rendered":"<p style=\"text-align: center;\"><em><strong>En el marco de la emergencia sanitaria, el gobierno provincial y el Banco de Entre R\u00edos anunciaron l\u00edneas de cr\u00e9ditos por 1.000 millones de pesos, con tasa fija del 24 por ciento, destinadas a micro, medianas y peque\u00f1as empresas de la provincia para el pago de haberes y capital de trabajo<\/strong><\/em><\/p>\n<p>&nbsp;<\/p>\n<p>&nbsp;<\/p>\n<p>&#8220;Por pedido del gobernador Bordet y en sinton\u00eda con el gobierno nacional, venimos trabajando intensamente en diferentes medidas econ\u00f3micas e impositivas que puedan llevarle un poco de ox\u00edgeno a los sectores y actividades que m\u00e1s se han resentido en esta dif\u00edcil situaci\u00f3n\u201d, expres\u00f3 el ministro de Econom\u00eda, Hugo Ballay.<\/p>\n<p>Y agreg\u00f3: \u201cEn conjunto con el Ministerio de la Producci\u00f3n estamos permanentemente analizando la situaci\u00f3n de todos los sectores productivos y as\u00ed poder darles prontas respuestas\u201d.<\/p>\n<p>La l\u00ednea de cr\u00e9ditos se acord\u00f3 en un encuentro del que participaron, el Gerente General del Banco Entre R\u00edos, Miguel \u00c1ngel Malatesta; el Ministro de Econom\u00eda, Hugo Ballay; y el Ministro de Producci\u00f3n, Juan Jos\u00e9 Bahillo.<\/p>\n<p>&#8220;En el marco de esta pandemia, son muchos los rubros de la actividad comercial y productiva que se han visto resentidos. Sectores a los que se les dificulta mantener el capital de trabajo, el pago de salarios y afrontar sus obligaciones impositivas. Es por eso que celebramos este tipo de l\u00edneas de financiamiento que hoy nos acerca el Banco de Entre R\u00edos, que vienen a ayudar a las pymes, a los comercios a mantener las fuentes de trabajo y sus empresas hasta que de a poco se vaya recuperando el nivel de actividad\u201d, expres\u00f3 Bahillo.<\/p>\n<p>\u201cDel total de la inversi\u00f3n, $600 millones ser\u00e1n destinados al pago de haberes y capital de trabajo, con tasa fija (T.N.A.) del por ciento y con plazo de hasta 180 d\u00edas. Los 400 millones de pesos restantes tendr\u00e1n como destino el pago de haberes y contar\u00e1n con garant\u00eda FoGAr. El plazo ser\u00e1 de 12 meses (con 3 meses de gracia) y tasa fija del 24 por ciento\u201d, expres\u00f3 Miguel Malatesta.<\/p>\n<p>\u201cNuestro Banco se encuentra trabajando sin descanso en adaptar nuestra operatoria a estas nuevas circunstancias y as\u00ed acompa\u00f1ar a nuestros clientes, pymes, empresas, municipios y a toda la comunidad en este contexto actual. Estas l\u00edneas de financiamiento, que se enmarcan en la Comunicaci\u00f3n A 6937 del Banco Central, vienen a ser un paliativo para las MiPyMES de la provincia que est\u00e1n pasando por un dif\u00edcil momento\u201d, agreg\u00f3 Malatesta.<\/p>\n<p>\u201cEn los \u00faltimos d\u00edas hemos implementado herramientas para que los municipios puedan mejorar las recaudaciones en el actual momento, a partir de facilidades para que la comunidad pueda pagar impuestos y servicios de forma electr\u00f3nica (bot\u00f3n de pago y ordenes de extracci\u00f3n)\u201d, finaliz\u00f3 el Gerente General del Banco.<\/p>\n","protected":false},"excerpt":{"rendered":"<p>En el marco de la emergencia sanitaria, el gobierno provincial y el Banco de Entre R\u00edos anunciaron l\u00edneas de cr\u00e9ditos por 1.000 millones de pesos, con tasa fija del 24 por ciento, destinadas a micro, medianas y peque\u00f1as empresas de la provincia para el pago de haberes y capital de trabajo &nbsp; &nbsp; &#8220;Por pedido del gobernador Bordet y en sinton\u00eda con el gobierno nacional, venimos trabajando intensamente en diferentes medidas econ\u00f3micas e impositivas que puedan llevarle un poco de ox\u00edgeno a los sectores y actividades que m\u00e1s se han&#8230;<\/p>\n","protected":false},"author":3,"featured_media":35742,"comment_status":"closed","ping_status":"closed","sticky":false,"template":"","format":"standard","meta":[],"categories":[9],"tags":[],"_links":{"self":[{"href":"https:\/\/www.actualidadadiario.com\/index.php\/wp-json\/wp\/v2\/posts\/60031"}],"collection":[{"href":"https:\/\/www.actualidadadiario.com\/index.php\/wp-json\/wp\/v2\/posts"}],"about":[{"href":"https:\/\/www.actualidadadiario.com\/index.php\/wp-json\/wp\/v2\/types\/post"}],"author":[{"embeddable":true,"href":"https:\/\/www.actualidadadiario.com\/index.php\/wp-json\/wp\/v2\/users\/3"}],"replies":[{"embeddable":true,"href":"https:\/\/www.actualidadadiario.com\/index.php\/wp-json\/wp\/v2\/comments?post=60031"}],"version-history":[{"count":1,"href":"https:\/\/www.actualidadadiario.com\/index.php\/wp-json\/wp\/v2\/posts\/60031\/revisions"}],"predecessor-version":[{"id":60032,"href":"https:\/\/www.actualidadadiario.com\/index.php\/wp-json\/wp\/v2\/posts\/60031\/revisions\/60032"}],"wp:featuredmedia":[{"embeddable":true,"href":"https:\/\/www.actualidadadiario.com\/index.php\/wp-json\/wp\/v2\/media\/35742"}],"wp:attachment":[{"href":"https:\/\/www.actualidadadiario.com\/index.php\/wp-json\/wp\/v2\/media?parent=60031"}],"wp:term":[{"taxonomy":"category","embeddable":true,"href":"https:\/\/www.actualidadadiario.com\/index.php\/wp-json\/wp\/v2\/categories?post=60031"},{"taxonomy":"post_tag","embeddable":true,"href":"https:\/\/www.actualidadadiario.com\/index.php\/wp-json\/wp\/v2\/tags?post=60031"}],"curies":[{"name":"wp","href":"https:\/\/api.w.org\/{rel}","templated":true}]}}