{"id":60028,"date":"2020-04-08T13:40:43","date_gmt":"2020-04-08T16:40:43","guid":{"rendered":"https:\/\/www.actualidadadiario.com\/?p=60028"},"modified":"2020-04-08T13:40:43","modified_gmt":"2020-04-08T16:40:43","slug":"se-suman-respiradores-a-la-red-de-contencion-sanitaria-entrerriana","status":"publish","type":"post","link":"https:\/\/www.actualidadadiario.com\/index.php\/2020\/04\/08\/se-suman-respiradores-a-la-red-de-contencion-sanitaria-entrerriana\/","title":{"rendered":"Se suman respiradores a la red de contenci\u00f3n sanitaria entrerriana"},"content":{"rendered":"<p style=\"text-align: center;\"><em><strong>El gobernador Gustavo Bordet recepcion\u00f3 oficialmente equipamiento e instrumental que lleg\u00f3 proveniente del Ministerio de Salud de Naci\u00f3n, que se distribuir\u00e1 en los efectores de salud de la provincia<\/strong><\/em><\/p>\n<p>&nbsp;<\/p>\n<p>&nbsp;<\/p>\n<p>Acompa\u00f1ado por la vicegobernadora Laura Stratta y los ministros de Salud, Sonia Vel\u00e1zquez, y de Planeamiento, Marcelo Richard, el mandatario estuvo en el nuevo Hospital de la Baxada y coordin\u00f3 distintas acciones que se vienen desarrollando.<\/p>\n<p>El mandatario se\u00f1al\u00f3 que \u201chemos comenzado a recibir en la provincia distintos insumos y elementos de parte del Ministerio de Salud de Naci\u00f3n, como respiradores, ec\u00f3grafos y otros equipamiento de seguridad para que puedan trabajar nuestros profesionales&#8221;.<\/p>\n<p>Destac\u00f3 que &#8220;en esto tiene una importancia decisiva la definici\u00f3n centralizada que se ha tomado para poder comprar elementos que son muy necesarios para enfrentar la pandemia, como los respiradores\u201d.<\/p>\n<p>Al respecto, afirm\u00f3 que \u201cel hecho de que Naci\u00f3n haya centralizado genera un equilibrio en los precios, porque si cada provincia hubiese salido por sus medios a comprar, la escalada de precios hubiese sido realmente muy importante y hubiese generado inequidades entre las provincias que tienen m\u00e1s capacidad para comprar respiradores y otras menos&#8221;.<\/p>\n<p>\u201cA veces en algunos lugares hay m\u00e1s casos y hay menos respiradores; y en otros sucede lo contrario. Entonces al equilibrio tiene que darlo una organizaci\u00f3n rectora, que es el Ministerio de Salud de Naci\u00f3n, y distribuir el equipamiento equitativamente, no s\u00f3lo de acuerdo a la poblaci\u00f3n, sino al n\u00famero de casos que se vayan presentando y de una necesidad real que se tenga en territorio\u201d, dijo.<\/p>\n<p>Luego precis\u00f3 que \u201cen Entre R\u00edos ya se han recibido los primeros seis respiradores, ahora seis m\u00e1s y as\u00ed se ir\u00e1 llegando para cubrir todas las necesidades que nuestros equipos han detectado para poder hacer frente a una etapa posterior de la pandemia&#8221;.<\/p>\n<p>Durante su estad\u00eda en el nosocomio, el mandatario recorri\u00f3 las obras ya finalizadas del Hospital de la Baxada, como internaci\u00f3n intermedia, con las primeras 60 camas habilitadas y que se van a habilitar; y las 20 para tratamiento de agudos, que es donde se utilizan los respiradores. \u201cTambi\u00e9n conversamos sobre la aplicaci\u00f3n de los recursos humanos, que no es menor en el caso de una emergencia\u201d, se\u00f1al\u00f3.<\/p>\n<p>Bordet subray\u00f3 que en la provincia \u201cel sistema sanitario se prepar\u00f3 desde muy temprano, inclusive cuando en la Argentina todav\u00eda no se hab\u00eda producido ning\u00fan caso; esto nos permiti\u00f3 tener una planificaci\u00f3n y poder abordar la etapa en la que estamos ahora&#8221;.<\/p>\n<p>Agreg\u00f3 que \u201cla provincia se est\u00e1 preparando para la siguiente etapa\u201d y resalt\u00f3 que \u201chay un equipo que est\u00e1 trabajando, que lo hace con mucho compromiso y profesionalidad y que tiene mucha experiencia en el tema; esto es lo que le da tranquilidad a la poblaci\u00f3n, el saber que hay un sistema integrado que est\u00e1 funcionando muy bien en Entre R\u00edos\u201d.<\/p>\n<p>Por su parte, la vicegobernadora Laura Stratta afirm\u00f3 que &#8220;es muy importante fortalecer el sistema sanitario integrado, poder centralizar, poder ir recibiendo los equipamientos y trabajar fuerte en la dimensi\u00f3n econ\u00f3mica y social y en el impacto que tiene en la poblaci\u00f3n&#8221;.<\/p>\n<p>Agreg\u00f3 que tambi\u00e9n es muy importante en el marco de la cuarentena preventiva y obligatoria, &#8220;quedarse en casa, ser responsables, ser solidarios, porque cuando nos cuidamos nosotros estamos tambi\u00e9n cuidando a otros&#8221;.<\/p>\n<p>En tanto, respecto a la distribuci\u00f3n de los elementos recibidos, la ministra de Salud, Sonia Vel\u00e1zquez, resalt\u00f3 el trabajo que se lleva adelante con el Ministerio de Salud de la Naci\u00f3n como organismo rector, a quien se elev\u00f3 &#8220;un plan de ubicaci\u00f3n de todo lo que compone el programa de monitoreo de unidades cr\u00edticas, tanto de sector p\u00fablico como de sector privado\u201d.<\/p>\n<p>En ese sentido, indic\u00f3 que la provincia de Entre R\u00edos se ha organizado por regiones sanitarias y \u201cde all\u00ed que tenemos nuestro primer relevamiento, nuestra proyecci\u00f3n no solamente demogr\u00e1fica, sino tambi\u00e9n con la disponibilidad de los recursos humanos profesionales para trabajar en consecuencia\u201d.<\/p>\n<p>En lo que respecta a las capacitaciones de los equipos de Salud, Vel\u00e1zquez sostuvo que se est\u00e1 trabajando: \u201cEn forma concomitante hemos venido iniciando las capacitaciones para el uso de respiradores y tambi\u00e9n para los equipos de unidades cr\u00edticos. Para esto hay un equipo que est\u00e1 trabajando todas las semanas y tambi\u00e9n hemos planificado el ingreso de estos insumos muy valiosos para las regiones sanitarias\u201d.<\/p>\n<p>La ministra record\u00f3 c\u00f3mo est\u00e1n distribuidas las regiones sanitarias: la uno, Paran\u00e1 y Gran Paran\u00e1; la dos, con epicentro en Concordia; la tres, Concepci\u00f3n del Uruguay; y la cuatro, Gualeguaych\u00fa.<\/p>\n<p>Vel\u00e1zquez rescat\u00f3 \u201cla centralidad que ha tenido el Ministerio de Salud de la Naci\u00f3n a nivel de la rector\u00eda, no solamente para el componente de los insumos, para marcar el tema de los precios, sino tambi\u00e9n para poder acompa\u00f1arnos a las provincias en un monitoreo constante que est\u00e1 haciendo de c\u00f3mo vamos llevando adelante los efectos de la pandemia&#8221;.<\/p>\n<p>La ministra explic\u00f3 que en la distribuci\u00f3n del equipamiento &#8220;se contempla al sector privado, que est\u00e1 integrado en el sistema sanitario argentino. Este ha sido un trabajo pormenorizado, un ejercicio para nosotros los tomadores de decisiones, porque son sectores que para nosotros constituyen el otro brazo importante para la sustentabilidad de las acciones, pero tambi\u00e9n para tomar acciones responsables y acompa\u00f1ar decisiones que tienen mucha relevancia para estos momentos&#8221;.<\/p>\n<p>&nbsp;<\/p>\n<p><strong>Caracter\u00edsticas del equipamiento<\/strong><\/p>\n<p>Por su parte, el director de Emergencias Sanitarias y coordinador de la distribuci\u00f3n de los insumos, Lucas Kercher, precis\u00f3 que \u201crecibimos de Naci\u00f3n 12 respiradores\u201d.<\/p>\n<p>\u201cLa caracter\u00edstica es que son ventiladores microprocesados de quinta generaci\u00f3n, lo que permite en este caso de Covid 19 poder hacer, no solamente sost\u00e9n, sino tratamiento con la mec\u00e1nica respiratoria que tienen estos ventiladores\u201d, explic\u00f3.<\/p>\n<p>Se\u00f1al\u00f3 que \u201cla idea es la redistribuci\u00f3n de estos elementos de a poco, como Naci\u00f3n lo ha requerido, y se van concretando primero en las terapias estatales de toda la provincia y despu\u00e9s cruzaremos la parte privada\u201d.<\/p>\n<p>\u201cTenemos una recepci\u00f3n de 12 en principio y estimados otros 34 respiradores, primero para el Estado, despu\u00e9s vendr\u00e1n m\u00e1s para la parte privada\u201d, finaliz\u00f3.<\/p>\n","protected":false},"excerpt":{"rendered":"<p>El gobernador Gustavo Bordet recepcion\u00f3 oficialmente equipamiento e instrumental que lleg\u00f3 proveniente del Ministerio de Salud de Naci\u00f3n, que se distribuir\u00e1 en los efectores de salud de la provincia &nbsp; &nbsp; Acompa\u00f1ado por la vicegobernadora Laura Stratta y los ministros de Salud, Sonia Vel\u00e1zquez, y de Planeamiento, Marcelo Richard, el mandatario estuvo en el nuevo Hospital de la Baxada y coordin\u00f3 distintas acciones que se vienen desarrollando. El mandatario se\u00f1al\u00f3 que \u201chemos comenzado a recibir en la provincia distintos insumos y elementos de parte del Ministerio de Salud de Naci\u00f3n,&#8230;<\/p>\n","protected":false},"author":3,"featured_media":60029,"comment_status":"closed","ping_status":"closed","sticky":false,"template":"","format":"standard","meta":[],"categories":[9],"tags":[],"_links":{"self":[{"href":"https:\/\/www.actualidadadiario.com\/index.php\/wp-json\/wp\/v2\/posts\/60028"}],"collection":[{"href":"https:\/\/www.actualidadadiario.com\/index.php\/wp-json\/wp\/v2\/posts"}],"about":[{"href":"https:\/\/www.actualidadadiario.com\/index.php\/wp-json\/wp\/v2\/types\/post"}],"author":[{"embeddable":true,"href":"https:\/\/www.actualidadadiario.com\/index.php\/wp-json\/wp\/v2\/users\/3"}],"replies":[{"embeddable":true,"href":"https:\/\/www.actualidadadiario.com\/index.php\/wp-json\/wp\/v2\/comments?post=60028"}],"version-history":[{"count":1,"href":"https:\/\/www.actualidadadiario.com\/index.php\/wp-json\/wp\/v2\/posts\/60028\/revisions"}],"predecessor-version":[{"id":60030,"href":"https:\/\/www.actualidadadiario.com\/index.php\/wp-json\/wp\/v2\/posts\/60028\/revisions\/60030"}],"wp:featuredmedia":[{"embeddable":true,"href":"https:\/\/www.actualidadadiario.com\/index.php\/wp-json\/wp\/v2\/media\/60029"}],"wp:attachment":[{"href":"https:\/\/www.actualidadadiario.com\/index.php\/wp-json\/wp\/v2\/media?parent=60028"}],"wp:term":[{"taxonomy":"category","embeddable":true,"href":"https:\/\/www.actualidadadiario.com\/index.php\/wp-json\/wp\/v2\/categories?post=60028"},{"taxonomy":"post_tag","embeddable":true,"href":"https:\/\/www.actualidadadiario.com\/index.php\/wp-json\/wp\/v2\/tags?post=60028"}],"curies":[{"name":"wp","href":"https:\/\/api.w.org\/{rel}","templated":true}]}}