{"id":60025,"date":"2020-04-06T13:48:58","date_gmt":"2020-04-06T16:48:58","guid":{"rendered":"https:\/\/www.actualidadadiario.com\/?p=60025"},"modified":"2020-04-06T13:48:58","modified_gmt":"2020-04-06T16:48:58","slug":"el-gobierno-explico-los-precios-sospechados-en-la-compra-de-alimentos-para-asistencia-social","status":"publish","type":"post","link":"https:\/\/www.actualidadadiario.com\/index.php\/2020\/04\/06\/el-gobierno-explico-los-precios-sospechados-en-la-compra-de-alimentos-para-asistencia-social\/","title":{"rendered":"El Gobierno explic\u00f3 los precios sospechados en la compra de alimentos para asistencia social"},"content":{"rendered":"<p style=\"text-align: center;\"><em><strong>El ministro Arroyo debi\u00f3 aclarar que hubo un error en el Bolet\u00edn Oficial en una licitaci\u00f3n por fideos, y argument\u00f3 que otros productos se pagaron m\u00e1s caros que los precios de referencia porque no se hab\u00edan tenido en cuenta la urgencia y los costos de log\u00edstica<\/strong><\/em><\/p>\n<p>&nbsp;<\/p>\n<p>&nbsp;<\/p>\n<p>La publicaci\u00f3n del Bolet\u00edn Oficial de este lunes, con el anuncio de distintas licitaciones a trav\u00e9s de las cuales el Ministerio de Desarrollo Social adquiri\u00f3 toneladas de alimentos para asistencia social despert\u00f3 sospechas por los precios pagados por el estado nacional, sobre todo una confusi\u00f3n en el precio de los fideos. Es por eso que por la ma\u00f1ana, el ministro Daniel Arroyo sali\u00f3 a explicar la situaci\u00f3n para evitar suspicacias. \u201cHemos hecho una compra extraordinaria porque pasamos de asistir a ocho millones de personas a m\u00e1s de 11 millones. Los precios de referencia los establece la Sindicatura General de la Naci\u00f3n y en todos los casos hemos pedido rebajas. Adem\u00e1s, en los precios de referencia en muchos casos no se tuvo en cuenta la log\u00edstica y hab\u00eda que comprarlos igual porque estamos en una situaci\u00f3n muy cr\u00edtica\u201d, explic\u00f3 Arroyo en di\u00e1logo con C5N.<\/p>\n<p>Las cr\u00edticas a estas licitaciones comenzaron bien temprano, con el ojo puesto en la compra de fideos a un promedio de $84,84 el paquete, cuando el Gobierno hab\u00eda establecido en su lista de precios m\u00e1ximos a esos productos en $52. Incluso, el dirigente social Juan Grabois hab\u00eda calificado esta compra como una \u201cestafa a los pobres\u201d. Arroyo explic\u00f3 que tuvieron que corregir el Bolet\u00edn Oficial porque el precio que figuraba ah\u00ed por paquete de medio kilo en realidad era el precio pagado por kilo, por lo que la compra fue de $42,42 en promedio por paquete, la mitad de lo que figuraba originalmente, y que est\u00e1 dentro de los precios de mercado.<\/p>\n<p>A su vez, el ministro resalt\u00f3 el car\u00e1cter de urgente de esta compra y explic\u00f3 que ninguna licitaci\u00f3n fue adjudicada a una sola empresa y que adem\u00e1s, ninguna oferta cubr\u00eda el total del volumen necesario para cubrir la asistencia a las 11.400.000 personas que cubren los distintos programas nacionales. \u201cLes pedimos a todos los proveedores que bajen los precios\u201d, agreg\u00f3 y explic\u00f3 que su cartera increment\u00f3 en 2000 millones de pesos la asistencia en esta crisis, tanto para la compra de alimentos, como en transferencias de fondos a las provincias y municipios. Tambi\u00e9n explic\u00f3 que muchas de esas transferencias estaban pautadas para la inversi\u00f3n de maquinaria para la producci\u00f3n y que debieron ser reasignadas a alimentos por la situaci\u00f3n que atraviesa el pa\u00eds durante el periodo de aislamiento social, preventivo y obligatorio.<\/p>\n","protected":false},"excerpt":{"rendered":"<p>El ministro Arroyo debi\u00f3 aclarar que hubo un error en el Bolet\u00edn Oficial en una licitaci\u00f3n por fideos, y argument\u00f3 que otros productos se pagaron m\u00e1s caros que los precios de referencia porque no se hab\u00edan tenido en cuenta la urgencia y los costos de log\u00edstica &nbsp; &nbsp; La publicaci\u00f3n del Bolet\u00edn Oficial de este lunes, con el anuncio de distintas licitaciones a trav\u00e9s de las cuales el Ministerio de Desarrollo Social adquiri\u00f3 toneladas de alimentos para asistencia social despert\u00f3 sospechas por los precios pagados por el estado nacional, sobre&#8230;<\/p>\n","protected":false},"author":3,"featured_media":60026,"comment_status":"closed","ping_status":"closed","sticky":false,"template":"","format":"standard","meta":[],"categories":[18],"tags":[],"_links":{"self":[{"href":"https:\/\/www.actualidadadiario.com\/index.php\/wp-json\/wp\/v2\/posts\/60025"}],"collection":[{"href":"https:\/\/www.actualidadadiario.com\/index.php\/wp-json\/wp\/v2\/posts"}],"about":[{"href":"https:\/\/www.actualidadadiario.com\/index.php\/wp-json\/wp\/v2\/types\/post"}],"author":[{"embeddable":true,"href":"https:\/\/www.actualidadadiario.com\/index.php\/wp-json\/wp\/v2\/users\/3"}],"replies":[{"embeddable":true,"href":"https:\/\/www.actualidadadiario.com\/index.php\/wp-json\/wp\/v2\/comments?post=60025"}],"version-history":[{"count":1,"href":"https:\/\/www.actualidadadiario.com\/index.php\/wp-json\/wp\/v2\/posts\/60025\/revisions"}],"predecessor-version":[{"id":60027,"href":"https:\/\/www.actualidadadiario.com\/index.php\/wp-json\/wp\/v2\/posts\/60025\/revisions\/60027"}],"wp:featuredmedia":[{"embeddable":true,"href":"https:\/\/www.actualidadadiario.com\/index.php\/wp-json\/wp\/v2\/media\/60026"}],"wp:attachment":[{"href":"https:\/\/www.actualidadadiario.com\/index.php\/wp-json\/wp\/v2\/media?parent=60025"}],"wp:term":[{"taxonomy":"category","embeddable":true,"href":"https:\/\/www.actualidadadiario.com\/index.php\/wp-json\/wp\/v2\/categories?post=60025"},{"taxonomy":"post_tag","embeddable":true,"href":"https:\/\/www.actualidadadiario.com\/index.php\/wp-json\/wp\/v2\/tags?post=60025"}],"curies":[{"name":"wp","href":"https:\/\/api.w.org\/{rel}","templated":true}]}}