{"id":60019,"date":"2020-04-06T13:40:58","date_gmt":"2020-04-06T16:40:58","guid":{"rendered":"https:\/\/www.actualidadadiario.com\/?p=60019"},"modified":"2020-04-06T13:40:58","modified_gmt":"2020-04-06T16:40:58","slug":"japon-declarara-la-cuarentena-por-el-aumento-de-contagios","status":"publish","type":"post","link":"https:\/\/www.actualidadadiario.com\/index.php\/2020\/04\/06\/japon-declarara-la-cuarentena-por-el-aumento-de-contagios\/","title":{"rendered":"Jap\u00f3n declarar\u00e1 la cuarentena por el aumento de contagios"},"content":{"rendered":"<p style=\"text-align: center;\"><em><strong>El primer ministro de Jap\u00f3n, Shinzo Abe, anticip\u00f3 que ma\u00f1ana martes declarar\u00e1 el estado de alerta sanitaria, una medida que se emplear\u00e1 por primera vez desde 1947. En principio, se aplicar\u00e1 durante un mes en siete prefecturas (provincias). La decisi\u00f3n fue tomada por el aumento de casos de contagio, que ya rozan los 3.500<\/strong><\/em><\/p>\n<p>&nbsp;<\/p>\n<p>El anuncio de Abe se conoci\u00f3 en la misma jornada en la que las autoridades sanitarias japonesas informaron sobre 367 nuevos casos, un nuevo m\u00e1ximo diario, que eleva los positivos a 3.497, mientras que los fallecidos son 95.<\/p>\n<p>La aplicaci\u00f3n del estado de emergencia, le permitir\u00e1 al gobierno japon\u00e9s pedir a sus ciudadanos que eviten salir de sus casas si no es necesario o requerir a las empresas e instituciones que se mantengan cerradas.<\/p>\n<p>Shinzo Abe, propuso un paquete de ayudas por un bill\u00f3n de d\u00f3lares para combatir los efectos sobre la econom\u00eda de la pandemia. &#8220;Esperamos declarar el estado de emergencia a partir de ma\u00f1ana tras escuchar la opini\u00f3n del panel de expertos&#8221;, dijo Abe a la prensa, agregando que el gobierno lanzar\u00eda un paquete por 108 billones de yenes para auxiliar a la tercera econom\u00eda mundial.<\/p>\n<p>&#8220;Estamos viendo un r\u00e1pido aumento de nuevas infecciones en particular en \u00e1reas urbanas como Tokio y Osaka,&#8221; afirm\u00f3 Abe.<\/p>\n<p>El Ejecutivo activ\u00f3 este recurso, denominado legalmente Estado de Emergencia, que s\u00f3lo est\u00e1 contemplado para situaciones en las que una epidemia avance r\u00e1pidamente y suponga un &#8220;impacto considerable&#8221; sobre la salud y las vidas de los ciudadanos, as\u00ed como sobre la econom\u00eda nacional.<\/p>\n<p>Para avanzar con esta medida, el gobierno debi\u00f3 reunir suficientes opiniones de expertos m\u00e9dicos y econ\u00f3micos que justifiquen su aplicaci\u00f3n, adem\u00e1s de contar con el respaldo de la oposici\u00f3n para una medida considerada como el \u00faltimo recurso frente al virus y que se emplea por primera vez bajo la Constituci\u00f3n nipona de 1947.<\/p>\n<p>Una vez declarado, el estado de alerta sanitaria concede a los gobiernos regionales el poder de &#8220;exigir&#8221; a sus ciudadanos permanecer en casa salvo para desplazamientos que sean absolutamente necesarios, as\u00ed como ordenar el cierre de instalaciones p\u00fablicas como escuelas, parques o centros deportivos.<\/p>\n<p>Durante las \u00faltimas semanas, el Ejecutivo central y el de Tokio ya ven\u00edan recomendado a los ciudadanos practicar el teletrabajo, quedarse en casa &#8220;dentro de lo posible&#8221; y evitar las aglomeraciones, lo que no bast\u00f3 para evitar una escalada de los contagios en la regi\u00f3n de la capital y en otras zonas del pa\u00eds.<\/p>\n<p>Esas recomendaciones tuvieron acatamiento dispar en el \u00c1rea Metropolitana de Tokio, donde cada d\u00eda millones de trabajadores continuaban desplaz\u00e1ndose en la red de transporte p\u00fablico y muchos ciudadanos segu\u00edan saliendo a la calle durante los fines de semana pese al cierre de numerosos parques y comercios.<\/p>\n<p>Ese fue el detonante para avanzar con el estado de emergencia que, sin embargo, no incluye medidas legales para imponer el cumplimiento de las instrucciones de las autoridades, en contraste que las sanciones o las detenciones aplicadas en pa\u00edses europeos a quienes infringen la orden de confinamiento.<\/p>\n<p>En caso de que alguna empresa o instituci\u00f3n incumpla las directrices, las autoridades podr\u00edan hacer p\u00fablicos los nombres de sus responsables con el objetivo de forzarles a obedecer o, en \u00faltima instancia, enviarles una directiva firmada por el primer ministro.<\/p>\n<p>Los gobiernos de las prefecturas tendr\u00e1n, adem\u00e1s, la capacidad de requisar bienes considerados esenciales como f\u00e1rmacos o equipamiento hospitalario, y de apropiarse temporalmente de terrenos e inmuebles particulares para dedicarlos a instalaciones m\u00e9dicas.<\/p>\n<p>Hasta el momento, se hab\u00eda evitado apelar a esta figura, pero s\u00ed se hab\u00eda tomado otro tipo de medidas, entre ellas designar &#8220;servicios p\u00fablicos&#8221; a las empresas energ\u00e9ticas y de transporte o la cadena estatal NHK, a las que las autoridades podr\u00e1n requerir tareas como difundir informaci\u00f3n de inter\u00e9s general o distribuir bienes b\u00e1sicos. Adem\u00e1s, se hab\u00eda prohibido el ingreso de extranjeros provenientes de pa\u00edses donde hab\u00eda confirmados casos de Covid-19.<\/p>\n","protected":false},"excerpt":{"rendered":"<p>El primer ministro de Jap\u00f3n, Shinzo Abe, anticip\u00f3 que ma\u00f1ana martes declarar\u00e1 el estado de alerta sanitaria, una medida que se emplear\u00e1 por primera vez desde 1947. En principio, se aplicar\u00e1 durante un mes en siete prefecturas (provincias). La decisi\u00f3n fue tomada por el aumento de casos de contagio, que ya rozan los 3.500 &nbsp; El anuncio de Abe se conoci\u00f3 en la misma jornada en la que las autoridades sanitarias japonesas informaron sobre 367 nuevos casos, un nuevo m\u00e1ximo diario, que eleva los positivos a 3.497, mientras que los&#8230;<\/p>\n","protected":false},"author":3,"featured_media":60020,"comment_status":"closed","ping_status":"closed","sticky":false,"template":"","format":"standard","meta":[],"categories":[4],"tags":[],"_links":{"self":[{"href":"https:\/\/www.actualidadadiario.com\/index.php\/wp-json\/wp\/v2\/posts\/60019"}],"collection":[{"href":"https:\/\/www.actualidadadiario.com\/index.php\/wp-json\/wp\/v2\/posts"}],"about":[{"href":"https:\/\/www.actualidadadiario.com\/index.php\/wp-json\/wp\/v2\/types\/post"}],"author":[{"embeddable":true,"href":"https:\/\/www.actualidadadiario.com\/index.php\/wp-json\/wp\/v2\/users\/3"}],"replies":[{"embeddable":true,"href":"https:\/\/www.actualidadadiario.com\/index.php\/wp-json\/wp\/v2\/comments?post=60019"}],"version-history":[{"count":1,"href":"https:\/\/www.actualidadadiario.com\/index.php\/wp-json\/wp\/v2\/posts\/60019\/revisions"}],"predecessor-version":[{"id":60021,"href":"https:\/\/www.actualidadadiario.com\/index.php\/wp-json\/wp\/v2\/posts\/60019\/revisions\/60021"}],"wp:featuredmedia":[{"embeddable":true,"href":"https:\/\/www.actualidadadiario.com\/index.php\/wp-json\/wp\/v2\/media\/60020"}],"wp:attachment":[{"href":"https:\/\/www.actualidadadiario.com\/index.php\/wp-json\/wp\/v2\/media?parent=60019"}],"wp:term":[{"taxonomy":"category","embeddable":true,"href":"https:\/\/www.actualidadadiario.com\/index.php\/wp-json\/wp\/v2\/categories?post=60019"},{"taxonomy":"post_tag","embeddable":true,"href":"https:\/\/www.actualidadadiario.com\/index.php\/wp-json\/wp\/v2\/tags?post=60019"}],"curies":[{"name":"wp","href":"https:\/\/api.w.org\/{rel}","templated":true}]}}