{"id":60016,"date":"2020-04-06T13:40:09","date_gmt":"2020-04-06T16:40:09","guid":{"rendered":"https:\/\/www.actualidadadiario.com\/?p=60016"},"modified":"2020-04-06T13:40:09","modified_gmt":"2020-04-06T16:40:09","slug":"francisco-lamento-que-haya-tantos-pobres-de-clase-media-por-las-politicas-economicas","status":"publish","type":"post","link":"https:\/\/www.actualidadadiario.com\/index.php\/2020\/04\/06\/francisco-lamento-que-haya-tantos-pobres-de-clase-media-por-las-politicas-economicas\/","title":{"rendered":"Francisco lament\u00f3 que haya &#8220;tantos pobres de clase media por las pol\u00edticas econ\u00f3micas&#8221;"},"content":{"rendered":"<p style=\"text-align: center;\"><em><strong>Antes de la homil\u00eda, Francisco hab\u00eda dedicado su misa a la situaci\u00f3n de sobrepoblaci\u00f3n que atraviesan varias c\u00e1rceles del mundo<\/strong><\/em><\/p>\n<p>&nbsp;<\/p>\n<p>&nbsp;<\/p>\n<p>El papa Francisco lament\u00f3 hoy la existencia de &#8220;tantos pobres de clase media&#8221;, que son &#8220;v\u00edctimas de las pol\u00edticas financieras&#8221;, al tiempo que advirti\u00f3 por el &#8220;peligro&#8221; que representa el hacinamiento en las c\u00e1rceles ante la pandemia de coronavirus.<\/p>\n<p>El pont\u00edfice centr\u00f3 la homil\u00eda de su misa matutina de este lunes en &#8220;las v\u00edctimas pobres de las pol\u00edticas econ\u00f3micas, de las pol\u00edticas financieras&#8221;.<\/p>\n<p>&#8220;Algunas estad\u00edsticas recientes lo resumen as\u00ed: hay tanto dinero en manos de unos pocos y tanta pobreza en muchos, en muchos. Y esta es la pobreza de tantas personas que son v\u00edctimas de la injusticia estructural de la econom\u00eda mundial&#8221;, denunci\u00f3 Jorge Bergoglio en la celebraci\u00f3n eucar\u00edstica que encabez\u00f3 en su residencia de Casa Santa Marta, donde vive en el Vaticano.<\/p>\n<p>&#8220;Y tantos pobres que se averg\u00fcenzan de mostrar que no llegan a fin de mes; tantos pobres de la clase media, que van en secreto a C\u00e1ritas y piden en secreto y sienten verg\u00fcenza&#8221;, lament\u00f3 Francisco.<\/p>\n<p>&#8220;Los pobres son muchos m\u00e1s que los ricos; mucho, mucho&#8230;&#8221;, afirm\u00f3 con preocupaci\u00f3n durante la ceremonia transmitida en directo por los canales de streaming de la Santa Sede.<\/p>\n<p>Antes de la homil\u00eda, Francisco hab\u00eda dedicado su misa a la situaci\u00f3n de sobrepoblaci\u00f3n que atraviesan varias c\u00e1rceles del mundo.<\/p>\n<p>&#8220;Pienso en un grave problema que existe en muchas partes del mundo. Me gustar\u00eda que hoy rez\u00e1ramos por el problema de la superpoblaci\u00f3n en las c\u00e1rceles&#8221;, plante\u00f3.<\/p>\n<p>&#8220;Donde hay hacinamiento, tanta gente all\u00ed, existe el peligro, en esta pandemia, de que termine en una grave calamidad&#8221;, advirti\u00f3 el Papa en esa direcci\u00f3n.<\/p>\n<p>&#8220;Oremos por los responsables, por los que tienen que tomar las decisiones en esto, para que encuentren un camino justo y creativo para resolver el problema&#8221;, convoc\u00f3.<\/p>\n","protected":false},"excerpt":{"rendered":"<p>Antes de la homil\u00eda, Francisco hab\u00eda dedicado su misa a la situaci\u00f3n de sobrepoblaci\u00f3n que atraviesan varias c\u00e1rceles del mundo &nbsp; &nbsp; El papa Francisco lament\u00f3 hoy la existencia de &#8220;tantos pobres de clase media&#8221;, que son &#8220;v\u00edctimas de las pol\u00edticas financieras&#8221;, al tiempo que advirti\u00f3 por el &#8220;peligro&#8221; que representa el hacinamiento en las c\u00e1rceles ante la pandemia de coronavirus. El pont\u00edfice centr\u00f3 la homil\u00eda de su misa matutina de este lunes en &#8220;las v\u00edctimas pobres de las pol\u00edticas econ\u00f3micas, de las pol\u00edticas financieras&#8221;. &#8220;Algunas estad\u00edsticas recientes lo resumen&#8230;<\/p>\n","protected":false},"author":3,"featured_media":60017,"comment_status":"closed","ping_status":"closed","sticky":false,"template":"","format":"standard","meta":[],"categories":[4],"tags":[],"_links":{"self":[{"href":"https:\/\/www.actualidadadiario.com\/index.php\/wp-json\/wp\/v2\/posts\/60016"}],"collection":[{"href":"https:\/\/www.actualidadadiario.com\/index.php\/wp-json\/wp\/v2\/posts"}],"about":[{"href":"https:\/\/www.actualidadadiario.com\/index.php\/wp-json\/wp\/v2\/types\/post"}],"author":[{"embeddable":true,"href":"https:\/\/www.actualidadadiario.com\/index.php\/wp-json\/wp\/v2\/users\/3"}],"replies":[{"embeddable":true,"href":"https:\/\/www.actualidadadiario.com\/index.php\/wp-json\/wp\/v2\/comments?post=60016"}],"version-history":[{"count":1,"href":"https:\/\/www.actualidadadiario.com\/index.php\/wp-json\/wp\/v2\/posts\/60016\/revisions"}],"predecessor-version":[{"id":60018,"href":"https:\/\/www.actualidadadiario.com\/index.php\/wp-json\/wp\/v2\/posts\/60016\/revisions\/60018"}],"wp:featuredmedia":[{"embeddable":true,"href":"https:\/\/www.actualidadadiario.com\/index.php\/wp-json\/wp\/v2\/media\/60017"}],"wp:attachment":[{"href":"https:\/\/www.actualidadadiario.com\/index.php\/wp-json\/wp\/v2\/media?parent=60016"}],"wp:term":[{"taxonomy":"category","embeddable":true,"href":"https:\/\/www.actualidadadiario.com\/index.php\/wp-json\/wp\/v2\/categories?post=60016"},{"taxonomy":"post_tag","embeddable":true,"href":"https:\/\/www.actualidadadiario.com\/index.php\/wp-json\/wp\/v2\/tags?post=60016"}],"curies":[{"name":"wp","href":"https:\/\/api.w.org\/{rel}","templated":true}]}}