{"id":60014,"date":"2020-04-06T13:39:25","date_gmt":"2020-04-06T16:39:25","guid":{"rendered":"https:\/\/www.actualidadadiario.com\/?p=60014"},"modified":"2020-04-06T13:39:25","modified_gmt":"2020-04-06T16:39:25","slug":"la-onu-insta-a-proteger-a-las-mujeres-atrapadas-con-sus-maltratadores-por-el-coronavirus","status":"publish","type":"post","link":"https:\/\/www.actualidadadiario.com\/index.php\/2020\/04\/06\/la-onu-insta-a-proteger-a-las-mujeres-atrapadas-con-sus-maltratadores-por-el-coronavirus\/","title":{"rendered":"La ONU insta a proteger a las mujeres &#8220;atrapadas&#8221; con sus maltratadores por el coronavirus"},"content":{"rendered":"<p style=\"text-align: center;\"><em><strong>La combinaci\u00f3n de las presiones econ\u00f3micas y sociales provocadas por la pandemia, as\u00ed como las restricciones de movimiento, han aumentado dr\u00e1sticamente el n\u00famero de mujeres y ni\u00f1as que se enfrentan a abusos, se\u00f1al\u00f3 el secretario general de la ONU<\/strong><\/em><\/p>\n<p>&nbsp;<\/p>\n<p>&nbsp;<\/p>\n<p>El secretario general de la ONU, Ant\u00f3nio Guterres, reclam\u00f3 a los pa\u00edses la adopci\u00f3n de medidas para enfrentar el &#8220;estremecedor&#8221; aumento de la violencia machista durante el confinamiento por la pandemia de coronavirus, ya que por estas medidas las mujeres pueden verse &#8220;atrapadas con parejas abusivas&#8221;.<\/p>\n<p>Guterres considera los confinamientos &#8220;esenciales&#8221; en una emergencia como la del Covid-19, pero advirti\u00f3 que, para muchas mujeres y ni\u00f1as, el principal riesgo reside precisamente en el lugar &#8220;donde deber\u00edan estar m\u00e1s seguras: en sus propios hogares&#8221;, seg\u00fan un comunicado publicado en la web del organismo internacional.<\/p>\n<p>La combinaci\u00f3n de las presiones econ\u00f3micas y sociales provocadas por la pandemia, as\u00ed como las restricciones de movimiento, han aumentado dr\u00e1sticamente el n\u00famero de mujeres y ni\u00f1as que se enfrentan a abusos, en casi todos los pa\u00edses, se\u00f1ala el texto.<\/p>\n<p>Sin embargo, incluso antes de la propagaci\u00f3n mundial del Covid-19, las estad\u00edsticas mostraban que un tercio de las mujeres de todo el mundo experimentaban alguna forma de violencia en su vida.<\/p>\n<p>Ya antes de la pandemia, la ONU estimaba que una tercera parte de las mujeres de todo el mundo experimentaban a lo largo de su vida alg\u00fan tipo de violencia.<\/p>\n<p>En L\u00edbano y Malasia, las llamadas a los tel\u00e9fonos de ayuda se han duplicado desde el inicio de la pandemia, mientras que en China se han triplicado.<\/p>\n<p>En Australia, los motores de b\u00fasqueda en Internet experimentaron el mayor volumen de consultas de ayuda por violencia dom\u00e9stica de los \u00faltimos cinco a\u00f1os, seg\u00fan Naciones Unidas.<\/p>\n<p>Guterres alert\u00f3 que el personal sanitario y policial est\u00e1 &#8220;desbordado&#8221; y &#8220;algunos centros para v\u00edctimas de la violencia de g\u00e9nero est\u00e1n cerrados&#8221;, mientras &#8220;otros est\u00e1n llenos&#8221;.<\/p>\n<p>Por este motivo, solicit\u00f3 la colaboraci\u00f3n de todos para prevenir la violencia, &#8220;tanto en zonas de guerra como en los hogares de las personas&#8221;, mientras se combate al coronavirus.<\/p>\n<p>Por \u00faltimo, el secretario general llam\u00f3 a aumentar la inversi\u00f3n mediante servicios de ayuda a distancia, y a establecer sistemas de alerta en farmacias y tiendas de alimentaci\u00f3n, dos de los comercios que pueden seguir abiertos en la mayor\u00eda de los pa\u00edses pese a las medidas de confinamiento, favoreciendo que las mujeres den la voz de alarma sin que se percaten sus maltratadores.<\/p>\n<p>Adem\u00e1s, pidi\u00f3 que los centros de recepci\u00f3n de v\u00edctimas sean considerados servicios esenciales y que se garantice el correcto funcionamiento de los sistemas judiciales, para que sigan procesando a los abusadores.<\/p>\n<p>Tambi\u00e9n ha llamado a evitar que los presos condenados por violencia contra la mujer sean liberados.<\/p>\n","protected":false},"excerpt":{"rendered":"<p>La combinaci\u00f3n de las presiones econ\u00f3micas y sociales provocadas por la pandemia, as\u00ed como las restricciones de movimiento, han aumentado dr\u00e1sticamente el n\u00famero de mujeres y ni\u00f1as que se enfrentan a abusos, se\u00f1al\u00f3 el secretario general de la ONU &nbsp; &nbsp; El secretario general de la ONU, Ant\u00f3nio Guterres, reclam\u00f3 a los pa\u00edses la adopci\u00f3n de medidas para enfrentar el &#8220;estremecedor&#8221; aumento de la violencia machista durante el confinamiento por la pandemia de coronavirus, ya que por estas medidas las mujeres pueden verse &#8220;atrapadas con parejas abusivas&#8221;. Guterres considera los&#8230;<\/p>\n","protected":false},"author":3,"featured_media":59783,"comment_status":"closed","ping_status":"closed","sticky":false,"template":"","format":"standard","meta":[],"categories":[4],"tags":[],"_links":{"self":[{"href":"https:\/\/www.actualidadadiario.com\/index.php\/wp-json\/wp\/v2\/posts\/60014"}],"collection":[{"href":"https:\/\/www.actualidadadiario.com\/index.php\/wp-json\/wp\/v2\/posts"}],"about":[{"href":"https:\/\/www.actualidadadiario.com\/index.php\/wp-json\/wp\/v2\/types\/post"}],"author":[{"embeddable":true,"href":"https:\/\/www.actualidadadiario.com\/index.php\/wp-json\/wp\/v2\/users\/3"}],"replies":[{"embeddable":true,"href":"https:\/\/www.actualidadadiario.com\/index.php\/wp-json\/wp\/v2\/comments?post=60014"}],"version-history":[{"count":1,"href":"https:\/\/www.actualidadadiario.com\/index.php\/wp-json\/wp\/v2\/posts\/60014\/revisions"}],"predecessor-version":[{"id":60015,"href":"https:\/\/www.actualidadadiario.com\/index.php\/wp-json\/wp\/v2\/posts\/60014\/revisions\/60015"}],"wp:featuredmedia":[{"embeddable":true,"href":"https:\/\/www.actualidadadiario.com\/index.php\/wp-json\/wp\/v2\/media\/59783"}],"wp:attachment":[{"href":"https:\/\/www.actualidadadiario.com\/index.php\/wp-json\/wp\/v2\/media?parent=60014"}],"wp:term":[{"taxonomy":"category","embeddable":true,"href":"https:\/\/www.actualidadadiario.com\/index.php\/wp-json\/wp\/v2\/categories?post=60014"},{"taxonomy":"post_tag","embeddable":true,"href":"https:\/\/www.actualidadadiario.com\/index.php\/wp-json\/wp\/v2\/tags?post=60014"}],"curies":[{"name":"wp","href":"https:\/\/api.w.org\/{rel}","templated":true}]}}