{"id":60011,"date":"2020-04-06T13:38:45","date_gmt":"2020-04-06T16:38:45","guid":{"rendered":"https:\/\/www.actualidadadiario.com\/?p=60011"},"modified":"2020-04-06T13:38:45","modified_gmt":"2020-04-06T16:38:45","slug":"en-ecuador-reparten-ataudes-de-carton-para-los-muertos-por-coronavirus","status":"publish","type":"post","link":"https:\/\/www.actualidadadiario.com\/index.php\/2020\/04\/06\/en-ecuador-reparten-ataudes-de-carton-para-los-muertos-por-coronavirus\/","title":{"rendered":"En Ecuador reparten ata\u00fades de cart\u00f3n para los muertos por coronavirus"},"content":{"rendered":"<p style=\"text-align: center;\"><em><strong>Por el colapso sanitario causado por la pandemia, la alcald\u00eda de la ciudad de Guayaquil tom\u00f3 la decisi\u00f3n de entregar estas estructuras para dar sepelio a los cad\u00e1veres acumulados en las casas, calles y morgues<\/strong><\/em><\/p>\n<p>&nbsp;<\/p>\n<p>&nbsp;<\/p>\n<p>Ecuador es el segundo pa\u00eds de Am\u00e9rica Latina m\u00e1s afectado por la propagaci\u00f3n del coronavirus y Guayaquil la ciudad ecuatoriana que m\u00e1s casos registra. La crisis en dicha urbe costera es tal que las funerarias y morgues se han visto colapsadas. Es por eso que para evitar la acumulaci\u00f3n de cuerpos en las casas y las calles, la Alcald\u00eda ha comenzado a repartir este domingo ata\u00fades de cart\u00f3n para paliar la escasez de los de madera.<\/p>\n<p>Seg\u00fan una proyecci\u00f3n de Teodoro Maldonado, gerente del Instituto de Seguridad Social, el n\u00famero de muertos en Guayaquil puede alcanzar los 3.500. Por eso anunci\u00f3 que se construir\u00eda adem\u00e1s un enorme cementerio para enterrar a las v\u00edctimas.<\/p>\n<p>De los m\u00e1s de cuatro mil ata\u00fades de cart\u00f3n con los que cuenta ahora la ciudad, tres mil han sido adquiridos por el Ej\u00e9rcito, encargado en los \u00faltimos d\u00edas de levantar los cuerpos.<\/p>\n<p>Guayas sigue siendo la provincia con mayor n\u00famero de fallecidos por el virus. Suma 126 de los 180 en todo el territorio nacional, y registra m\u00e1s casos positivos -2.524 de los 3.646 en total-, de los cuales 1.725 est\u00e1n en Guayaquil.<\/p>\n<p>Cabe destacar que de acuerdo a Merwin Ter\u00e1n, presidente de la Asociaci\u00f3n de Funerarias de Guayas (provincia de la cual guayaquil es capital) hay m\u00e1s fallecidos de los que contabilizan las autoridades. \u201cMe atrevo a decirle que pasan los 350 muertos por coronavirus en Guayaquil. Es una cifra que yo he sacado en base a lo que he recogido y a lo que se registra en las bit\u00e1coras de ingresos de cuerpos en los cementerios\u201d, afirm\u00f3.<\/p>\n<p>Por su parte, el Defensor del Pueblo, Freddy Carri\u00f3n, declar\u00f3 a los medios que \u201cla administraci\u00f3n de la crisis en la emergencia es completamente ineficiente\u201d debido a que el gobierno no entreg\u00f3 recursos en su momento. \u201c\u00bfC\u00f3mo es posible que privilegiemos el pago de la deuda externa frente a los recursos que necesitaba salud?\u201d, se pregunt\u00f3.<\/p>\n<p>Con respecto al tema de la acumulaci\u00f3n de cad\u00e1veres, afirm\u00f3 que se est\u00e1\u00a0 haciendo \u201cun registro de las personas que han solicitado la atenci\u00f3n del Estado y no ha llegado. Se pone en riesgo a familias con un cad\u00e1ver en casa por muchos d\u00edas. Hemos insistido con la autoridad permanentemente. Solo en dos d\u00edas recibimos cincuenta denuncias de este tipo\u201d.<\/p>\n<p>Desde el gobierno de Lenin Moreno en un principio culparon a la poblaci\u00f3n por desobedecer las medidas sanitarias dispuestas para enfrentar al virus. No obstante, cuando el contagio ya estaba extendido en el pa\u00eds renunci\u00f3 la ministra de Salud, Catalina Andramu\u00f1o. \u201cEnfrentar una emergencia sanitaria sin recursos es complicado\u201d, explic\u00f3 la ex funcionaria.<\/p>\n<p>Mientras tanto, en las redes sociales se acumulan las denuncias por falta de tanques de ox\u00edgeno, medicamentos y camas en los hospitales de Guayaquil. Como as\u00ed tambi\u00e9n los cuerpos en las casas o tirados en las veredas a la espera de que lleguen los organismos pertinentes para retirarlos y darle la sepultura adecuada.<\/p>\n","protected":false},"excerpt":{"rendered":"<p>Por el colapso sanitario causado por la pandemia, la alcald\u00eda de la ciudad de Guayaquil tom\u00f3 la decisi\u00f3n de entregar estas estructuras para dar sepelio a los cad\u00e1veres acumulados en las casas, calles y morgues &nbsp; &nbsp; Ecuador es el segundo pa\u00eds de Am\u00e9rica Latina m\u00e1s afectado por la propagaci\u00f3n del coronavirus y Guayaquil la ciudad ecuatoriana que m\u00e1s casos registra. La crisis en dicha urbe costera es tal que las funerarias y morgues se han visto colapsadas. Es por eso que para evitar la acumulaci\u00f3n de cuerpos en las&#8230;<\/p>\n","protected":false},"author":3,"featured_media":60012,"comment_status":"closed","ping_status":"closed","sticky":false,"template":"","format":"standard","meta":[],"categories":[4],"tags":[],"_links":{"self":[{"href":"https:\/\/www.actualidadadiario.com\/index.php\/wp-json\/wp\/v2\/posts\/60011"}],"collection":[{"href":"https:\/\/www.actualidadadiario.com\/index.php\/wp-json\/wp\/v2\/posts"}],"about":[{"href":"https:\/\/www.actualidadadiario.com\/index.php\/wp-json\/wp\/v2\/types\/post"}],"author":[{"embeddable":true,"href":"https:\/\/www.actualidadadiario.com\/index.php\/wp-json\/wp\/v2\/users\/3"}],"replies":[{"embeddable":true,"href":"https:\/\/www.actualidadadiario.com\/index.php\/wp-json\/wp\/v2\/comments?post=60011"}],"version-history":[{"count":1,"href":"https:\/\/www.actualidadadiario.com\/index.php\/wp-json\/wp\/v2\/posts\/60011\/revisions"}],"predecessor-version":[{"id":60013,"href":"https:\/\/www.actualidadadiario.com\/index.php\/wp-json\/wp\/v2\/posts\/60011\/revisions\/60013"}],"wp:featuredmedia":[{"embeddable":true,"href":"https:\/\/www.actualidadadiario.com\/index.php\/wp-json\/wp\/v2\/media\/60012"}],"wp:attachment":[{"href":"https:\/\/www.actualidadadiario.com\/index.php\/wp-json\/wp\/v2\/media?parent=60011"}],"wp:term":[{"taxonomy":"category","embeddable":true,"href":"https:\/\/www.actualidadadiario.com\/index.php\/wp-json\/wp\/v2\/categories?post=60011"},{"taxonomy":"post_tag","embeddable":true,"href":"https:\/\/www.actualidadadiario.com\/index.php\/wp-json\/wp\/v2\/tags?post=60011"}],"curies":[{"name":"wp","href":"https:\/\/api.w.org\/{rel}","templated":true}]}}