{"id":60007,"date":"2020-04-06T13:37:11","date_gmt":"2020-04-06T16:37:11","guid":{"rendered":"https:\/\/www.actualidadadiario.com\/?p=60007"},"modified":"2020-04-06T13:37:11","modified_gmt":"2020-04-06T16:37:11","slug":"katopodis-el-objetivo-es-poder-comenzar-a-reactivar-la-obra-publica-la-semana-que-viene","status":"publish","type":"post","link":"https:\/\/www.actualidadadiario.com\/index.php\/2020\/04\/06\/katopodis-el-objetivo-es-poder-comenzar-a-reactivar-la-obra-publica-la-semana-que-viene\/","title":{"rendered":"Katopodis: &#8220;El objetivo es poder comenzar a reactivar la obra p\u00fablica la semana que viene&#8221;"},"content":{"rendered":"<p style=\"text-align: center;\"><em><strong>El ministro de Obras P\u00fablicas asegur\u00f3 que hay un total de 300 proyectos en todo el pa\u00eds para ir reactivando, y precis\u00f3 que est\u00e1n fijando prioridades respecto a las obras<\/strong><\/em><\/p>\n<p>&nbsp;<\/p>\n<p>&nbsp;<\/p>\n<p>El ministro de Obras P\u00fablicas, Gabriel Katopodis, asegur\u00f3 hoy que el objetivo de su cartera es \u201cpoder comenzar a reactivar la semana que viene la obra p\u00fablica&#8221;, con &#8220;un total de 300 proyectos en todo el pa\u00eds\u201d.<\/p>\n<p>El funcionario, al hablar con El Destape Radio, indic\u00f3 que \u201chay una cantidad importante de proyectos, entre los que estaban paralizados&#8221; cuando llegaron al gobierno y los que est\u00e1n licitando.<\/p>\n<p>&#8220;Venimos hablando con la Uocra y la C\u00e1mara de la Construcci\u00f3n, adem\u00e1s de gobernadores e intendentes, para ir fijado prioridades\u201d, dijo respecto a estas obras.<\/p>\n<p>Katopodis dijo que entre estas prioridades est\u00e1 la construcci\u00f3n de \u201c12 hospitales modulares, tres en el interior del pa\u00eds y el resto en la provincia de Buenos Aires, y a eso se suma la terminaci\u00f3n de los hospitales de La Matanza\u201d.<\/p>\n<p>\u201cSon unas mil camas que sumaremos a la red de atenci\u00f3n\u201d, precis\u00f3 el ex jefe comunal de San Mart\u00edn.<\/p>\n<p>Sobre la reactivaci\u00f3n de la obra p\u00fablica, subray\u00f3 tambi\u00e9n que est\u00e1n &#8220;avanzando con los municipios, que recibir\u00e1n 10.000 millones de pesos para generar peque\u00f1a y mediana obra p\u00fablica, lo que dinamiza la econom\u00eda en cada distrito y genera empleo\u201d.<\/p>\n<p>Asimismo, Katodopodis manifest\u00f3 que desde su cartera mantienen \u201creuniones diarias con las constructoras&#8221;, a las que le pidieron &#8220;especialmente&#8221; que &#8220;no despidan personal\u201d.<\/p>\n<p>\u201cHemos tenido una buena respuesta -recalc\u00f3- a pesar de que muchas empresas tienen una situaci\u00f3n compleja, pero comprenden que, en este momento, todos tenemos que poner el hombro\u201d.<\/p>\n<p>\u201cEl gobierno puso tasas preferenciales y brinda asistencia financiera para pagar sueldos a trav\u00e9s de los Repro, para que ninguna empresa tenga que llegar a una situaci\u00f3n de despedir personal\u201d, finaliz\u00f3.<\/p>\n","protected":false},"excerpt":{"rendered":"<p>El ministro de Obras P\u00fablicas asegur\u00f3 que hay un total de 300 proyectos en todo el pa\u00eds para ir reactivando, y precis\u00f3 que est\u00e1n fijando prioridades respecto a las obras &nbsp; &nbsp; El ministro de Obras P\u00fablicas, Gabriel Katopodis, asegur\u00f3 hoy que el objetivo de su cartera es \u201cpoder comenzar a reactivar la semana que viene la obra p\u00fablica&#8221;, con &#8220;un total de 300 proyectos en todo el pa\u00eds\u201d. El funcionario, al hablar con El Destape Radio, indic\u00f3 que \u201chay una cantidad importante de proyectos, entre los que estaban paralizados&#8221;&#8230;<\/p>\n","protected":false},"author":3,"featured_media":58965,"comment_status":"closed","ping_status":"closed","sticky":false,"template":"","format":"standard","meta":[],"categories":[18],"tags":[],"_links":{"self":[{"href":"https:\/\/www.actualidadadiario.com\/index.php\/wp-json\/wp\/v2\/posts\/60007"}],"collection":[{"href":"https:\/\/www.actualidadadiario.com\/index.php\/wp-json\/wp\/v2\/posts"}],"about":[{"href":"https:\/\/www.actualidadadiario.com\/index.php\/wp-json\/wp\/v2\/types\/post"}],"author":[{"embeddable":true,"href":"https:\/\/www.actualidadadiario.com\/index.php\/wp-json\/wp\/v2\/users\/3"}],"replies":[{"embeddable":true,"href":"https:\/\/www.actualidadadiario.com\/index.php\/wp-json\/wp\/v2\/comments?post=60007"}],"version-history":[{"count":1,"href":"https:\/\/www.actualidadadiario.com\/index.php\/wp-json\/wp\/v2\/posts\/60007\/revisions"}],"predecessor-version":[{"id":60008,"href":"https:\/\/www.actualidadadiario.com\/index.php\/wp-json\/wp\/v2\/posts\/60007\/revisions\/60008"}],"wp:featuredmedia":[{"embeddable":true,"href":"https:\/\/www.actualidadadiario.com\/index.php\/wp-json\/wp\/v2\/media\/58965"}],"wp:attachment":[{"href":"https:\/\/www.actualidadadiario.com\/index.php\/wp-json\/wp\/v2\/media?parent=60007"}],"wp:term":[{"taxonomy":"category","embeddable":true,"href":"https:\/\/www.actualidadadiario.com\/index.php\/wp-json\/wp\/v2\/categories?post=60007"},{"taxonomy":"post_tag","embeddable":true,"href":"https:\/\/www.actualidadadiario.com\/index.php\/wp-json\/wp\/v2\/tags?post=60007"}],"curies":[{"name":"wp","href":"https:\/\/api.w.org\/{rel}","templated":true}]}}