{"id":60000,"date":"2020-04-06T13:35:01","date_gmt":"2020-04-06T16:35:01","guid":{"rendered":"https:\/\/www.actualidadadiario.com\/?p=60000"},"modified":"2020-04-06T13:35:01","modified_gmt":"2020-04-06T16:35:01","slug":"macri-encabezo-una-reunion-de-mesa-chica-en-la-que-arreciaron-las-criticas-a-patricia-bullrich","status":"publish","type":"post","link":"https:\/\/www.actualidadadiario.com\/index.php\/2020\/04\/06\/macri-encabezo-una-reunion-de-mesa-chica-en-la-que-arreciaron-las-criticas-a-patricia-bullrich\/","title":{"rendered":"Macri encabez\u00f3 una reuni\u00f3n de mesa chica en la que arreciaron las cr\u00edticas a Patricia Bullrich"},"content":{"rendered":"<p style=\"text-align: center;\"><em><strong>La ex ministra de Seguridad fue epicentro de la interna. Lejos de amilanarse, reafirm\u00f3 su posici\u00f3n de ser el ala dura cr\u00edtica al Gobierno en plena pandemia. Le discutieron Horacio Rodr\u00edguez Larreta y Mar\u00eda Eugenia Vidal. La incomodidad del expresidente<\/strong><\/em><\/p>\n<p>&nbsp;<\/p>\n<p>El ex presidente Mauricio Macri encabez\u00f3 una reuni\u00f3n de la mesa nacional del PRO a la que asistieron intendentes del espacio y en donde continuaron las discusiones que plagaron al espacio la semana pasada, con Patricia Bullrich como epicentro de la interna. Lejos de amilanarse por las cr\u00edticas que viene recibiendo, la presidenta del PRO defendi\u00f3 su posici\u00f3n de mantener una l\u00ednea de cr\u00edtica dura al Gobierno nacional en plena pandemia. Le discutieron tanto el jefe de Gobierno, Horacio Rodr\u00edguez Larreta, como la ex gobernadora bonaerense Mar\u00eda Eugenia Vidal. A ese sector, se sumaron una serie de intendentes bonaerenses con responsabilidades de gesti\u00f3n, que no dejaron de decirle lo suyo a Bullrich. Algunos lo vieron inc\u00f3modo a Macri, pese a que piensa muy parecido a su presidenta del partido.<\/p>\n<p>El encuentro de la mesa nacional ocurri\u00f3 el s\u00e1bado a media ma\u00f1ana y fue virtual. Hay quien dice en el PRO que Macri viene insistiendo con que se re\u00fanan en sus oficinas o en su casa. Sea como fuere, nadie piensa en juntarse en medio de la circulaci\u00f3n del coronavirus, as\u00ed que toda la discusi\u00f3n fue por medio de las c\u00e1maras de las notebooks.<\/p>\n<p>En la conversaci\u00f3n, estuvieron los integrantes habituales de la mesa chica como Larreta, Vidal, a los que se sumaron intendentes como el de Vicente L\u00f3pez, Jorge Macri; el de Lan\u00fas, N\u00e9stor Grindetti; el de La Plata, Julio Garro. Los intendentes, con responsabilidades de gesti\u00f3n, hicieron causa com\u00fan con Vidal y Larreta y criticaron la l\u00ednea dura que viene protagonizando Bullrich. Plantearon que ya no puede tomar m\u00e1s decisiones ella sola, sino que se van a definir, de ahora en m\u00e1s, a partir de una mesa m\u00e1s amplia. Tambi\u00e9n dijeron que es preferible aparecer haciendo propuestas, de manera no confrontativa, que a la linea de cuchara y cacerola. De hecho, no hubo en ese grupo un gran entusiasmo con los cacerolazos, ni con ser asociados a su convocatoria.<\/p>\n<p>En la semana que pas\u00f3, la Coalici\u00f3n C\u00edvica, con Elisa Carri\u00f3 a la cabeza, sac\u00f3 un comunicado que conten\u00eda veladas cr\u00edticas a Bullrich, a la que acusan de organizar los cacerolazos del lunes. Tambi\u00e9n tuvo un entredicho con el jefe de bloque en Diputados, Cristian Ritondo, por empujar sin los consensos internos la iniciativa de recortarse los sueldos. Y por la carta en la que le pidieron una audiencia al presidente Alberto Fern\u00e1ndez, que ten\u00eda el objetivo de calmar los \u00e1nimos internos de Juntos por el Cambio, pero no parece estarlo consiguiendo.<\/p>\n<p>De hecho, algunos en el bloque &#8211;como Ritondo, que no puso su firma en esa carta porque considera que esos pedidos tienen que canalizarse v\u00eda Sergio Massa, el presidente de la C\u00e1mara&#8211; se pregunta qu\u00e9 proyectos tiene Bullrich para llevarle a Fern\u00e1ndez. Por otro lado, Larreta mantiene una interlocuci\u00f3n permanente con el Presidente y no le cae en gracia que le abra una v\u00eda paralela con Bullrich a la cabeza. En la reuni\u00f3n, el jefe de Gobierno dijo de manera cort\u00e9s, pero no menos firme: &#8220;Si quieren ayudar, hagan como hizo el bloque de Diputados, que dialoga conmigo antes de mandarse por la suya con un proyecto&#8221;.<\/p>\n<p>En el entorno de Carri\u00f3, en tanto, leen todas las rencillas como una necesidad de ganar protagonismo por parte de Bullrich y de quien la apadrina: Macri. No obstante, hay quienes lo vieron inc\u00f3modo al ex presidente en la reuni\u00f3n virtual de la mesa nacional. Al ex mandatario se lo empez\u00f3 a criticar por no poder &#8220;contenerla a Patricia&#8221;. Seg\u00fan relataron a este diario varios de los que participaron de la charla, la presidenta del PRO respondi\u00f3 de manera contundente a las cr\u00edticas que viene recibiendo. Neg\u00f3 haber organizado los cacerolazos. Y dijo que hay que mantener unido a Juntos por el Cambio en una l\u00ednea que impacte sobre el Gobierno nacional. Sus antagonistas internos observaron una merma en los apoyos de la presidenta. &#8220;Incluso Pichetto dej\u00f3 de apoyarla. Miguel est\u00e1 en una l\u00ednea institucionalista&#8221;, comentaban. Uno de los que sali\u00f3 dentro del partido en apoyo de Bullrich es el dirigente de Santa Fe Federico Angelini.<\/p>\n<p>El encuentro dej\u00f3 un sabor amargo en varios de sus participantes, sobre todo entre los intendentes, que se preguntan si tiene sentido participar en reuniones de este tipo en medio de las necesidades acuciantes de la pandemia. Hay mucho enojo con las iniciativas incendiarias, que le pueden interrumpir la interlocuci\u00f3n pol\u00edtica con el gobierno de Axel Kicillof o con el de Fern\u00e1ndez. La divisi\u00f3n en Juntos por el Cambio est\u00e1 claro que no solo expresa a duros y blandos, sino a quienes tienen un cargo ejecutivo y qui\u00e9nes no.<\/p>\n<p>Tras la reuni\u00f3n, el jefe de bloque del PRO en Diputados se ocup\u00f3, no obstante, de defender a Bullrich en declaraciones a una radio: &#8220;Yo no creo que Patricia Bullrich est\u00e9 detr\u00e1s de las cacerolas. Pero no comparto lo del cacerolazo, porque los argentinos debemos estar unidos y necesitamos en la Argentina propuestas por la positiva, no por la negativa. Me quedo con la foto de Horacio con Alberto, de los intendentes con el gobernador, hoy necesitamos eso&#8221;, dijo Ritondo, en clara sinton\u00eda con la l\u00ednea Larreta-Vidal.<\/p>\n<p>Tambi\u00e9n tuvo un p\u00e1rrafo interesante para el ex jefe de Gabinete Marcos Pe\u00f1a, a quien algunas versiones se\u00f1alan como volviendo a ocupar un lugar a la derecha de Macri: &#8220;Todos los d\u00edas hablo con los principales dirigentes del PRO: Mariu, Horacio, Mauricio, Patricia. Con Marcos no hablo desde diciembre. No est\u00e1 en ninguna mesa de decisiones, por lo menos, en las que yo participo&#8221;. Toda una invitaci\u00f3n a que no vuelva de su ostracismo voluntario.<\/p>\n","protected":false},"excerpt":{"rendered":"<p>La ex ministra de Seguridad fue epicentro de la interna. Lejos de amilanarse, reafirm\u00f3 su posici\u00f3n de ser el ala dura cr\u00edtica al Gobierno en plena pandemia. Le discutieron Horacio Rodr\u00edguez Larreta y Mar\u00eda Eugenia Vidal. La incomodidad del expresidente &nbsp; El ex presidente Mauricio Macri encabez\u00f3 una reuni\u00f3n de la mesa nacional del PRO a la que asistieron intendentes del espacio y en donde continuaron las discusiones que plagaron al espacio la semana pasada, con Patricia Bullrich como epicentro de la interna. Lejos de amilanarse por las cr\u00edticas que&#8230;<\/p>\n","protected":false},"author":3,"featured_media":58100,"comment_status":"closed","ping_status":"closed","sticky":false,"template":"","format":"standard","meta":[],"categories":[18],"tags":[],"_links":{"self":[{"href":"https:\/\/www.actualidadadiario.com\/index.php\/wp-json\/wp\/v2\/posts\/60000"}],"collection":[{"href":"https:\/\/www.actualidadadiario.com\/index.php\/wp-json\/wp\/v2\/posts"}],"about":[{"href":"https:\/\/www.actualidadadiario.com\/index.php\/wp-json\/wp\/v2\/types\/post"}],"author":[{"embeddable":true,"href":"https:\/\/www.actualidadadiario.com\/index.php\/wp-json\/wp\/v2\/users\/3"}],"replies":[{"embeddable":true,"href":"https:\/\/www.actualidadadiario.com\/index.php\/wp-json\/wp\/v2\/comments?post=60000"}],"version-history":[{"count":1,"href":"https:\/\/www.actualidadadiario.com\/index.php\/wp-json\/wp\/v2\/posts\/60000\/revisions"}],"predecessor-version":[{"id":60001,"href":"https:\/\/www.actualidadadiario.com\/index.php\/wp-json\/wp\/v2\/posts\/60000\/revisions\/60001"}],"wp:featuredmedia":[{"embeddable":true,"href":"https:\/\/www.actualidadadiario.com\/index.php\/wp-json\/wp\/v2\/media\/58100"}],"wp:attachment":[{"href":"https:\/\/www.actualidadadiario.com\/index.php\/wp-json\/wp\/v2\/media?parent=60000"}],"wp:term":[{"taxonomy":"category","embeddable":true,"href":"https:\/\/www.actualidadadiario.com\/index.php\/wp-json\/wp\/v2\/categories?post=60000"},{"taxonomy":"post_tag","embeddable":true,"href":"https:\/\/www.actualidadadiario.com\/index.php\/wp-json\/wp\/v2\/tags?post=60000"}],"curies":[{"name":"wp","href":"https:\/\/api.w.org\/{rel}","templated":true}]}}