{"id":59988,"date":"2020-04-06T13:29:23","date_gmt":"2020-04-06T16:29:23","guid":{"rendered":"https:\/\/www.actualidadadiario.com\/?p=59988"},"modified":"2020-04-06T13:29:23","modified_gmt":"2020-04-06T16:29:23","slug":"refuerza-nacion-auxilio-a-gobernadores-con-mas-de-20-000-millones-extra","status":"publish","type":"post","link":"https:\/\/www.actualidadadiario.com\/index.php\/2020\/04\/06\/refuerza-nacion-auxilio-a-gobernadores-con-mas-de-20-000-millones-extra\/","title":{"rendered":"Refuerza Naci\u00f3n auxilio a gobernadores con m\u00e1s de $20.000 millones extra"},"content":{"rendered":"<p style=\"text-align: center;\"><em><strong>Alberto Fern\u00e1ndez le da forma a una nueva asistencia de fondos adicionales a las provincias, que terminar\u00e1 de ser definida esta semana. El auxilio incluir\u00e1 otra remesa en Aportes del Tesoro Nacional (ATN), m\u00e1s all\u00e1 de los $6.000 millones ya anunciados<\/strong><\/em><\/p>\n<p>&nbsp;<\/p>\n<p>La administraci\u00f3n de Alberto Fern\u00e1ndez planea habilitar esta semana una nueva y millonaria asistencia de fondos nacionales a los gobernadores, golpeados por la brutal ca\u00edda de ingresos que les generar\u00e1 la cuarentena obligatoria producto de la pandemia. El auxilio en este caso ser\u00eda superior a los $ 20 mil millones.<\/p>\n<p>El nuevo derrame de recursos se enmarca en las crecientes dificultades que afrontan los mandatarios -en medio de los reforzados gastos sanitarios y sociales por el Covid-19- para hacer frente a los compromisos m\u00ednimos, incluido el pago de sueldos. Una situaci\u00f3n l\u00edmite que agita la amenaza del retorno de las prohibidas cuasimonedas.<\/p>\n<p>La ayuda se activar\u00e1 luego de una \u201cDecisi\u00f3n Administrativa\u201d oficializada el s\u00e1bado en el Bolet\u00edn Oficial, que da luz verde a una modificaci\u00f3n del \u201cPresupuesto General de la Administraci\u00f3n Nacional para el Ejercicio 2020\u201d.<\/p>\n<p>La resoluci\u00f3n -rubricada por el jefe de Gabinete, Santiago Cafiero, y el ministro de Econom\u00eda nacional, Mart\u00edn Guzm\u00e1n- es amplia e involucra recursos por cerca de $ 65 mil millones.<\/p>\n<p>Sin embargo, desde despachos nacionales aseguraron este domingo que se habilitar\u00eda esta semana un nuevo refuerzo en la asistencia de fondos a los gobernadores, en este caso por \u201cm\u00e1s de 20 mil millones de pesos\u201d.<\/p>\n<p>Se trata de una nueva asistencia, m\u00e1s all\u00e1 de los fondos ya anunciados para las provincias, incluidos los $ 6 mil millones en dos tramos iguales -el segundo ser\u00e1 transferido esta semana- en Aportes del Tesoro Nacional (ATN), pensados para situaciones de emergencia.<\/p>\n<p>\u201cEsto abre la puerta a m\u00e1s\u201d, dijeron desde filas nacionales a este diario para anticipar una nueva remesa en ATN, aunque sin precisar monto, entre otros ejes. La segu\u00eda de fondos en las provincias es grande, y los gobernadores miran con ansiedad la totalidad de m\u00e1s de $ 70 mil millones en ATN acumulados.<\/p>\n<p>En los considerandos de la resoluci\u00f3n publicada en el Bolet\u00edn Oficial el s\u00e1bado se remarca que, \u201catento la situaci\u00f3n de emergencia sanitaria de nuestro pa\u00eds, es necesario adecuar el presupuesto del Ministerio del Interior con el objeto de incrementar las transferencias a Provincias correspondientes al Fondo de Aportes del Tesoro Nacional, financiado con recursos remanentes de ejercicios anteriores\u201d.<\/p>\n<p>Tambi\u00e9n se argumenta que \u201cresulta oportuno incrementar el presupuesto del Ministerio de Desarrollo Productivo con destino al Fondo de Garant\u00edas Argentino (FoGAr)\u201d, y que \u201cen el marco de la emergencia sanitaria, es menester adecuar el presupuesto vigente del Ministerio de Obras P\u00fablicas con el objeto de afrontar la construcci\u00f3n de hospitales modulares\u201d.<\/p>\n<p>Adem\u00e1s se define, entre otros puntos, que \u201ces menester incorporar en el presupuesto vigente los recursos provenientes de la recaudaci\u00f3n del Impuesto para una Argentina Inclusiva y Solidaria (PAIS), en funci\u00f3n de lo establecido en el art\u00edculo 42 de la Ley N\u00b0 27.541 de Solidaridad Social y Reactivaci\u00f3n Productiva en el Marco de la Emergencia P\u00fablica\u201d.<\/p>\n<p>En las \u00faltimas horas distintos gobernadores salieron a insistir en voz alta sobre la necesidad de una urgente asistencia financiera nacional a las provincias, ya planteada por los mandatarios de todo signo pol\u00edtico al propio Fern\u00e1ndez, y por sus ministros de Econom\u00eda a la cartera de Interior que conduce Eduardo \u201cWado\u201d de Pedro.<\/p>\n<p>Uno de ellos fue el peronista entrerriano Gustavo Bordet, quien -en declaraciones a O\u00edd Mortales Radio- se pronunci\u00f3 a favor de que el Estado nacional ampl\u00ede la base monetaria y \u201cde esa manera coparticipar a las provincias, o poner por lo menos un piso de garant\u00eda en los montos coparticipables que cada provincia reciba, que asegurar\u00eda cumplir con las obligaciones b\u00e1sicas de funcionamiento del Estado\u201d.<\/p>\n<p>En sinton\u00eda, el chaque\u00f1o Jorge Capitanich present\u00f3 a Fern\u00e1ndez -en el marco del \u00faltimo encuentro virtual del Presidente con los mandatarios- un amplio plan de acci\u00f3n para pararse ante el Covid 19 que incluye en uno de sus puntos \u201cestablecer un financiamiento con piso de garant\u00eda de coparticipaci\u00f3n federal durante el per\u00edodo abril \u2013 mayo, es la base para cubrir las erogaciones de corto plazo\u201d.<\/p>\n<p>Con ese tel\u00f3n de fondo, Bordet traz\u00f3 un duro diagn\u00f3stico de la situaci\u00f3n que atraviesa Entre R\u00edos -representativo, en rigor, del presente de muchas otras provincias- producto del impacto del aislamiento obligatorio.<\/p>\n<p>Respecto de las finanzas locales, advirti\u00f3 que \u201cest\u00e1n muy mal, como tambi\u00e9n lo est\u00e1 la econom\u00eda en general en el pa\u00eds\u201d.<\/p>\n<p>\u201cEl 70% de los comercios hoy est\u00e1n cerrados y hay una situaci\u00f3n econ\u00f3mica realmente muy preocupante, m\u00e1s all\u00e1 de la salud\u201d, dijo. Y remarc\u00f3 que \u201c\u00e9sto tambi\u00e9n repercute en las finanzas provinciales, porque nadie paga impuestos y, al no pagar impuestos, cuesta hacer frente a los salarios\u201d.<\/p>\n<p>Bordet enfatiz\u00f3 que \u201choy todos los recursos provinciales\u201d son destinados a blindar la asistencia sanitaria y alimentaria.<\/p>\n<p>\u201cSeguiremos cumpliendo en la medida que podamos con el pago de salarios y el lunes continuaremos con el cronograma de pagos\u201d, afirm\u00f3.<\/p>\n","protected":false},"excerpt":{"rendered":"<p>Alberto Fern\u00e1ndez le da forma a una nueva asistencia de fondos adicionales a las provincias, que terminar\u00e1 de ser definida esta semana. El auxilio incluir\u00e1 otra remesa en Aportes del Tesoro Nacional (ATN), m\u00e1s all\u00e1 de los $6.000 millones ya anunciados &nbsp; La administraci\u00f3n de Alberto Fern\u00e1ndez planea habilitar esta semana una nueva y millonaria asistencia de fondos nacionales a los gobernadores, golpeados por la brutal ca\u00edda de ingresos que les generar\u00e1 la cuarentena obligatoria producto de la pandemia. El auxilio en este caso ser\u00eda superior a los $ 20&#8230;<\/p>\n","protected":false},"author":3,"featured_media":59989,"comment_status":"closed","ping_status":"closed","sticky":false,"template":"","format":"standard","meta":[],"categories":[2],"tags":[],"_links":{"self":[{"href":"https:\/\/www.actualidadadiario.com\/index.php\/wp-json\/wp\/v2\/posts\/59988"}],"collection":[{"href":"https:\/\/www.actualidadadiario.com\/index.php\/wp-json\/wp\/v2\/posts"}],"about":[{"href":"https:\/\/www.actualidadadiario.com\/index.php\/wp-json\/wp\/v2\/types\/post"}],"author":[{"embeddable":true,"href":"https:\/\/www.actualidadadiario.com\/index.php\/wp-json\/wp\/v2\/users\/3"}],"replies":[{"embeddable":true,"href":"https:\/\/www.actualidadadiario.com\/index.php\/wp-json\/wp\/v2\/comments?post=59988"}],"version-history":[{"count":1,"href":"https:\/\/www.actualidadadiario.com\/index.php\/wp-json\/wp\/v2\/posts\/59988\/revisions"}],"predecessor-version":[{"id":59990,"href":"https:\/\/www.actualidadadiario.com\/index.php\/wp-json\/wp\/v2\/posts\/59988\/revisions\/59990"}],"wp:featuredmedia":[{"embeddable":true,"href":"https:\/\/www.actualidadadiario.com\/index.php\/wp-json\/wp\/v2\/media\/59989"}],"wp:attachment":[{"href":"https:\/\/www.actualidadadiario.com\/index.php\/wp-json\/wp\/v2\/media?parent=59988"}],"wp:term":[{"taxonomy":"category","embeddable":true,"href":"https:\/\/www.actualidadadiario.com\/index.php\/wp-json\/wp\/v2\/categories?post=59988"},{"taxonomy":"post_tag","embeddable":true,"href":"https:\/\/www.actualidadadiario.com\/index.php\/wp-json\/wp\/v2\/tags?post=59988"}],"curies":[{"name":"wp","href":"https:\/\/api.w.org\/{rel}","templated":true}]}}