{"id":59985,"date":"2020-04-06T13:27:16","date_gmt":"2020-04-06T16:27:16","guid":{"rendered":"https:\/\/www.actualidadadiario.com\/?p=59985"},"modified":"2020-04-06T13:27:16","modified_gmt":"2020-04-06T16:27:16","slug":"otra-provincia-dispone-uso-obligatorio-de-barbijos","status":"publish","type":"post","link":"https:\/\/www.actualidadadiario.com\/index.php\/2020\/04\/06\/otra-provincia-dispone-uso-obligatorio-de-barbijos\/","title":{"rendered":"Otra provincia dispone uso obligatorio de barbijos"},"content":{"rendered":"<p style=\"text-align: center;\"><em><strong>Desde hoy, en La Rioja todos los habitantes que deban salir de sus hogares tendr\u00e1n que hacerlo con el rostro cubierto. La medida ya rige en Catamarca, que no tiene casos positivos de la enfermedad<\/strong><\/em><\/p>\n<p>&nbsp;<\/p>\n<p>&nbsp;<\/p>\n<p>En medio del debate cient\u00edfico mundial por la efectividad del uso generalizado y obligatorio del barbijo para evitar la propagaci\u00f3n del coronavirus, en la Argentina dos distritos impusieron las mascarillas como parte del protocolo oficial.<\/p>\n<p>El primero en hacerlo fue Catamarca, una de las tres provincias que, junto con Chubut y Formosa, no registran casos positivos de Covid-19. Desde hoy se sumar\u00e1 La Rioja, que acumulaba desde el inicio de la cuarentena apenas seis casos positivos.<\/p>\n<p>El gobernador de La Rioja, Ricardo Quintela, estableci\u00f3 a partir de las 00 horas de este lunes 6 de abril, \u201cel uso obligatorio de barbijos sanitarios y\/o protectores faciales para todos los que circulen en la provincia\u201d.<\/p>\n<p>Al respecto se aclar\u00f3 que por \u201cprotectores faciales\u201d se hace alusi\u00f3n tambi\u00e9n a pa\u00f1uelos, bufandas y cualquier otro elemento que cubra la zona de nariz y boca.<\/p>\n<p>\u201cLo dispuesto se enmarca como medida preventiva en el marco de la pandemia por el virus COVID19, teniendo en cuenta el crecimiento exponencial de casos de los cuales 6 fueron confirmados en esta provincia lo que obliga a tomar los recaudos necesarios para evitar su propagaci\u00f3n\u201d, se\u00f1ala el decreto firmado durante el fin de semana por el mandatario riojano.<\/p>\n<p>\u201cEn ese sentido y teniendo en cuenta que una de las principales caracter\u00edsticas del SARS COV 2 es su alta transmisibilidad y que tiene capacidad de contagio a\u00fan en pacientes asintom\u00e1ticos, es que muchos especialistas sugieren la utilizaci\u00f3n masiva en toda la comunidad de elementos tales como barbijos y\/o protectores faciales, los que usados de manera correcta tienen una funci\u00f3n muy importante para evitar la transmisibilidad del virus\u201d.<\/p>\n<p>&nbsp;<\/p>\n<p><strong>Pionera<\/strong><\/p>\n<p>La semana pasada, en una entrevista con este diario, el gobernador de Catamarca, Ra\u00fal Jalil, explic\u00f3 las razones por las que, a su criterio, esa provincia ha logrado esquivar hasta el momento los casos de coronavirus entre la poblaci\u00f3n. \u201cEs un poco de suerte y un poco de prevenci\u00f3n\u201d, asegur\u00f3 y dijo que, si bien adhirieron a todos los decretos del Gobierno nacional, \u201cla \u00fanica diferencia que tenemos es que hemos dado la obligaci\u00f3n del uso del barbijo\u201d. \u201cHay pa\u00edses que lo han hecho, en Asia se hace mucho, en otros pa\u00edses no&#8230; El uso del barbijo hace que la gente se lleve menos las manos a la cara, que hable menos, que reconozca una enfermedad. Y su uso en la provincia es de cerca del 95%. Es obligatorio en la calle, en los cajeros, para hacer las compras. No tenemos una multa por no usar barbijos: hemos instalado la obligaci\u00f3n de usar barbijos y hemos tenido una respuesta de la sociedad no esperada y bastante importante&#8221;, cerr\u00f3 Jalil.<\/p>\n<p>En las \u00faltimas horas, la Organizaci\u00f3n Mundial de la Salud (OMS) inform\u00f3 que podr\u00eda revisar sus recomendaciones sobre el uso de barbijos a la luz de los resultados de un nuevo estudio del MIT, seg\u00fan el cual las gotitas emitidas con un estornudo o la tos pueden \u201cviajar\u201d en el aire bastante m\u00e1s lejos de lo que se cree.<\/p>\n<p>En di\u00e1logo con la BBC el infect\u00f3logo David Heymann, presidente de un grupo de consultores de la OMS dijo que &#8220;evaluar\u00e1 si para desacelerar la difusi\u00f3n del virus hace falta que m\u00e1s gente use barbijos&#8221;.<\/p>\n<p>Crean un comit\u00e9 de evaluaci\u00f3n para el programa de asistencia de emergencia al trabajo y la producci\u00f3n<\/p>\n<p>El Gobierno nacional cre\u00f3 el comit\u00e9 de evaluaci\u00f3n y monitoreo del programa de asistencia de emergencia al trabajo y la producci\u00f3n. Estar\u00e1 integrado por los titulares de los Ministerio de Desarrollo Productivo, Econom\u00eda y de Trabajo y por la AFIP. La medida fue publicada este lunes en el Bolet\u00edn Oficial, mediante el decreto 347\/2020. De este modo, la normativa lleva la firma del presidente Alberto Fern\u00e1ndez y de todos sus ministros.<\/p>\n<p>Ser\u00e1n funciones del comit\u00e9 definir, con base en criterios t\u00e9cnicos, los hechos relevantes que justifiquen la inclusi\u00f3n de los sujetos beneficiarios. Dictaminar respecto de la situaci\u00f3n de las distintas actividades econ\u00f3micas. Y recomendar o desaconsejar su inclusi\u00f3n. Lo mismo para los pedidos espec\u00edficos que requieran un tratamiento singular y recomendar o desaconsejar su inclusi\u00f3n en los criterios del art\u00edculo 3\u00b0 del Decreto N\u00b0 332\/20.<\/p>\n<p>En este sentido, tambi\u00e9n deber\u00e1 proponer las medidas que considere conducentes \u201ca fin de lograr una mayor eficacia en el cumplimiento de los objetivos\u201d. Adem\u00e1s, la norma explica que Se encuentran excluidos de los beneficios de este decreto quienes realizan actividades esenciales en la emergencia sanitaria. Se trata del personal que haya sido exceptuado del cumplimiento del aislamiento obligatorio.<\/p>\n<p>&nbsp;<\/p>\n<p><strong>El alcance de la normativa<\/strong><\/p>\n<p>\u201cEl Jefe de Gabinete de Ministros decidir\u00e1 respecto de la procedencia y alcance de los pedidos que se realicen para acogerse a los beneficios contemplados en el presente decreto. Previo dictamen fundamentado con base en criterios t\u00e9cnicos del comit\u00e9 de evaluaci\u00f3n y monitoreo del programa de asistencia de emergencia al trabajo y la producci\u00f3n\u201d. As\u00ed lo explica la normativa.<\/p>\n<p>La normativa detalla que \u201ca ra\u00edz de la situaci\u00f3n de emergencia, no solo se debe procurar la adopci\u00f3n de medidas tendientes a la protecci\u00f3n de la salud p\u00fablica. Sino tambi\u00e9n a coordinar esfuerzos para morigerar el impacto de las medidas sanitarias sobre los procesos productivos y el empleo\u201d. En este sentido, recuerdan como la disminuci\u00f3n de la actividad productiva afecta a las empresas. Particularmente a las mipymes. As\u00ed, explican que el objetivo de estas medidas es \u201cla conservaci\u00f3n del empleo a trav\u00e9s del sostenimiento de la unidad productiva\u201c.<\/p>\n","protected":false},"excerpt":{"rendered":"<p>Desde hoy, en La Rioja todos los habitantes que deban salir de sus hogares tendr\u00e1n que hacerlo con el rostro cubierto. La medida ya rige en Catamarca, que no tiene casos positivos de la enfermedad &nbsp; &nbsp; En medio del debate cient\u00edfico mundial por la efectividad del uso generalizado y obligatorio del barbijo para evitar la propagaci\u00f3n del coronavirus, en la Argentina dos distritos impusieron las mascarillas como parte del protocolo oficial. El primero en hacerlo fue Catamarca, una de las tres provincias que, junto con Chubut y Formosa, no&#8230;<\/p>\n","protected":false},"author":3,"featured_media":59986,"comment_status":"closed","ping_status":"closed","sticky":false,"template":"","format":"standard","meta":[],"categories":[2],"tags":[],"_links":{"self":[{"href":"https:\/\/www.actualidadadiario.com\/index.php\/wp-json\/wp\/v2\/posts\/59985"}],"collection":[{"href":"https:\/\/www.actualidadadiario.com\/index.php\/wp-json\/wp\/v2\/posts"}],"about":[{"href":"https:\/\/www.actualidadadiario.com\/index.php\/wp-json\/wp\/v2\/types\/post"}],"author":[{"embeddable":true,"href":"https:\/\/www.actualidadadiario.com\/index.php\/wp-json\/wp\/v2\/users\/3"}],"replies":[{"embeddable":true,"href":"https:\/\/www.actualidadadiario.com\/index.php\/wp-json\/wp\/v2\/comments?post=59985"}],"version-history":[{"count":1,"href":"https:\/\/www.actualidadadiario.com\/index.php\/wp-json\/wp\/v2\/posts\/59985\/revisions"}],"predecessor-version":[{"id":59987,"href":"https:\/\/www.actualidadadiario.com\/index.php\/wp-json\/wp\/v2\/posts\/59985\/revisions\/59987"}],"wp:featuredmedia":[{"embeddable":true,"href":"https:\/\/www.actualidadadiario.com\/index.php\/wp-json\/wp\/v2\/media\/59986"}],"wp:attachment":[{"href":"https:\/\/www.actualidadadiario.com\/index.php\/wp-json\/wp\/v2\/media?parent=59985"}],"wp:term":[{"taxonomy":"category","embeddable":true,"href":"https:\/\/www.actualidadadiario.com\/index.php\/wp-json\/wp\/v2\/categories?post=59985"},{"taxonomy":"post_tag","embeddable":true,"href":"https:\/\/www.actualidadadiario.com\/index.php\/wp-json\/wp\/v2\/tags?post=59985"}],"curies":[{"name":"wp","href":"https:\/\/api.w.org\/{rel}","templated":true}]}}