{"id":59976,"date":"2020-04-06T13:24:36","date_gmt":"2020-04-06T16:24:36","guid":{"rendered":"https:\/\/www.actualidadadiario.com\/?p=59976"},"modified":"2020-04-06T13:24:36","modified_gmt":"2020-04-06T16:24:36","slug":"alberto-analiza-extender-la-cuarentena-hasta-mediados-de-mayo-para-pasar-el-pico-de-la-epidemia","status":"publish","type":"post","link":"https:\/\/www.actualidadadiario.com\/index.php\/2020\/04\/06\/alberto-analiza-extender-la-cuarentena-hasta-mediados-de-mayo-para-pasar-el-pico-de-la-epidemia\/","title":{"rendered":"Alberto analiza extender la cuarentena hasta mediados de mayo para pasar el pico de la epidemia"},"content":{"rendered":"<p style=\"text-align: center;\"><em><strong>Vuelve el debate por el costo econ\u00f3mico. Estudian habilitar traslados internos<\/strong><\/em><\/p>\n<p>&nbsp;<\/p>\n<p>&nbsp;<\/p>\n<p>Alberto Fern\u00e1ndez analiza extender la cuarentena por un mes m\u00e1s luego del 13 de abril para pasar el pico de contagios por coronavirus que anticipan los expertos.<\/p>\n<p>El presidente estudia por estas horas ampliar hasta mediados de mayo el aislamiento obligatorio que en principio terminar\u00eda el 31 de marzo y luego se extendi\u00f3 por dos semanas.<\/p>\n<p>Seg\u00fan anticiparon en el Ejecutivo, por consejo del comit\u00e9 de sanitaristas Alberto se inclina por continuar con la cuarentena &#8220;hard&#8221; para la mayor\u00eda de la poblaci\u00f3n, m\u00e1s all\u00e1 de las presiones de varios sectores para definir una apertura por sectores.<\/p>\n<p>En el Gobierno aseguran que esta vez, a Alberto no le va a bastar \u00fanicamente con el consejo del comit\u00e9 de sanitaristas. Deber\u00e1 conseguir respaldo de los empresarios, los gremios y de la propia pol\u00edtica.<\/p>\n<p>M\u00e1s aun considerando que en el propio oficialismo hay voces que exigen la reactivaci\u00f3n de la econom\u00eda. Uno es Axel Kicillof, uno de los principales promotores de abrir la cuarentena. &#8220;Una persona con un bar no aguanta en Argentina si tiene que cerrar 15 d\u00edas. Se funde&#8221;, dijo el gobernador durante la primera semana de aislamiento obligatorio. La postura de Kicillof y los sectores &#8220;econ\u00f3micos&#8221; del Gobierno choca con los &#8220;sanitaristas&#8221;.<\/p>\n<p>Aunque Alberto no tendr\u00eda mayores problemas para conseguir el respaldo pol\u00edtico para extender las restricciones. En distritos del Conurbano aseguran que la cuarentena hasta el momento fue exitosa porque se aplan\u00f3 la curva de contagio del coronavirus.<\/p>\n<p>&#8220;No podemos liberar todo y en una semana tener el pico de contagios&#8221;, razonan en el Ejecutivo.<\/p>\n<p>Alberto sigue muy de cerca los movimientos del gobierno de Espa\u00f1a, uno de los pa\u00edses m\u00e1s afectados por la pandemia. Tras una primera cuarentena &#8220;light&#8221; que empez\u00f3 el 14 de marzo, el presidente Pedro S\u00e1nchez suspendi\u00f3 las actividades fabriles y luego anunci\u00f3 una cuarentena m\u00e1s restrictiva. Este fin de semana S\u00e1nchez anunci\u00f3 que la extender\u00e1 hasta el 26 de abril y advirti\u00f3 que habr\u00e1 m\u00e1s pr\u00f3rrogas a las restricciones como ped\u00edan los epidemi\u00f3logos. Pero no solo agreg\u00f3 que el jueves 9 liberar\u00e1 al sector industrial sino que nunca suspendi\u00f3 el transporte interno, por lo que funcionan aviones, trenes y rutas con una frecuencia menor a la habitual. La Argentina es uno de los pocos pa\u00edses que suspendi\u00f3 completamente su transporte interno.<\/p>\n<p>Ahora en el Gobierno argentino est\u00e1 en estudio emitir permisos especiales para traslados internos, teniendo en cuenta a los varados internos, tal como explic\u00f3 LPO. Los repatriados luego del inicio de la cuarentena, en efecto, se encuentran alojados en hoteles lejos de sus casas y por eso se analiza permitirles volver a sus hogares.<\/p>\n","protected":false},"excerpt":{"rendered":"<p>Vuelve el debate por el costo econ\u00f3mico. Estudian habilitar traslados internos &nbsp; &nbsp; Alberto Fern\u00e1ndez analiza extender la cuarentena por un mes m\u00e1s luego del 13 de abril para pasar el pico de contagios por coronavirus que anticipan los expertos. El presidente estudia por estas horas ampliar hasta mediados de mayo el aislamiento obligatorio que en principio terminar\u00eda el 31 de marzo y luego se extendi\u00f3 por dos semanas. Seg\u00fan anticiparon en el Ejecutivo, por consejo del comit\u00e9 de sanitaristas Alberto se inclina por continuar con la cuarentena &#8220;hard&#8221; para&#8230;<\/p>\n","protected":false},"author":3,"featured_media":59977,"comment_status":"closed","ping_status":"closed","sticky":false,"template":"","format":"standard","meta":[],"categories":[9],"tags":[],"_links":{"self":[{"href":"https:\/\/www.actualidadadiario.com\/index.php\/wp-json\/wp\/v2\/posts\/59976"}],"collection":[{"href":"https:\/\/www.actualidadadiario.com\/index.php\/wp-json\/wp\/v2\/posts"}],"about":[{"href":"https:\/\/www.actualidadadiario.com\/index.php\/wp-json\/wp\/v2\/types\/post"}],"author":[{"embeddable":true,"href":"https:\/\/www.actualidadadiario.com\/index.php\/wp-json\/wp\/v2\/users\/3"}],"replies":[{"embeddable":true,"href":"https:\/\/www.actualidadadiario.com\/index.php\/wp-json\/wp\/v2\/comments?post=59976"}],"version-history":[{"count":1,"href":"https:\/\/www.actualidadadiario.com\/index.php\/wp-json\/wp\/v2\/posts\/59976\/revisions"}],"predecessor-version":[{"id":59978,"href":"https:\/\/www.actualidadadiario.com\/index.php\/wp-json\/wp\/v2\/posts\/59976\/revisions\/59978"}],"wp:featuredmedia":[{"embeddable":true,"href":"https:\/\/www.actualidadadiario.com\/index.php\/wp-json\/wp\/v2\/media\/59977"}],"wp:attachment":[{"href":"https:\/\/www.actualidadadiario.com\/index.php\/wp-json\/wp\/v2\/media?parent=59976"}],"wp:term":[{"taxonomy":"category","embeddable":true,"href":"https:\/\/www.actualidadadiario.com\/index.php\/wp-json\/wp\/v2\/categories?post=59976"},{"taxonomy":"post_tag","embeddable":true,"href":"https:\/\/www.actualidadadiario.com\/index.php\/wp-json\/wp\/v2\/tags?post=59976"}],"curies":[{"name":"wp","href":"https:\/\/api.w.org\/{rel}","templated":true}]}}