{"id":59970,"date":"2020-04-06T13:21:22","date_gmt":"2020-04-06T16:21:22","guid":{"rendered":"https:\/\/www.actualidadadiario.com\/?p=59970"},"modified":"2020-04-06T13:21:22","modified_gmt":"2020-04-06T16:21:22","slug":"manana-se-retoma-el-cronograma-de-pagos-para-trabajadores-publicos-y-jubilados","status":"publish","type":"post","link":"https:\/\/www.actualidadadiario.com\/index.php\/2020\/04\/06\/manana-se-retoma-el-cronograma-de-pagos-para-trabajadores-publicos-y-jubilados\/","title":{"rendered":"Ma\u00f1ana se retoma el cronograma de pagos para trabajadores p\u00fablicos y jubilados"},"content":{"rendered":"<p style=\"text-align: center;\"><em><strong>El gobierno inform\u00f3 la continuidad del cronograma de pagos en otros dos tramos para activos y pasivos de la administraci\u00f3n p\u00fablica. Este martes estar\u00e1n disponibles los haberes de los que perciben hasta 65.000 pesos y mi\u00e9rcoles los que cobran hasta 75.000 pesos<\/strong><\/em><\/p>\n<p>&nbsp;<\/p>\n<p>&nbsp;<\/p>\n<p>En los pr\u00f3ximos d\u00edas se dar\u00e1 a conocer la fecha de cobro de los sueldos superiores a ese monto.<\/p>\n<p>Adem\u00e1s, desde el gobierno provincial reiteraron la necesidad de guardar las distancias y las medidas de seguridad sanitaria en los cajeros autom\u00e1ticos, de acuerdo a las disposiciones vigentes en materia de prevenci\u00f3n y combate del coronavirus.<\/p>\n<p>En el marco de la emergencia sanitaria generada por la Pandemia y atento a las restricciones en la econom\u00eda que produjo el aislamiento social, preventivo y obligatorio vigente, el gobierno de Entre R\u00edos comunica el cronograma de pagos de la administraci\u00f3n p\u00fablica correspondiente a los haberes del mes de marzo.<\/p>\n<p>Los d\u00edas 1, 2, 3 y 4 de abril cobraron los que perciben hasta 55.000 pesos, casi el 90 por ciento de los trabajadores del Estado, mientras que este martes y el mi\u00e9rcoles cobrar\u00e1n los que perciben hasta 75.000.<\/p>\n","protected":false},"excerpt":{"rendered":"<p>El gobierno inform\u00f3 la continuidad del cronograma de pagos en otros dos tramos para activos y pasivos de la administraci\u00f3n p\u00fablica. Este martes estar\u00e1n disponibles los haberes de los que perciben hasta 65.000 pesos y mi\u00e9rcoles los que cobran hasta 75.000 pesos &nbsp; &nbsp; En los pr\u00f3ximos d\u00edas se dar\u00e1 a conocer la fecha de cobro de los sueldos superiores a ese monto. Adem\u00e1s, desde el gobierno provincial reiteraron la necesidad de guardar las distancias y las medidas de seguridad sanitaria en los cajeros autom\u00e1ticos, de acuerdo a las disposiciones&#8230;<\/p>\n","protected":false},"author":3,"featured_media":19484,"comment_status":"closed","ping_status":"closed","sticky":false,"template":"","format":"standard","meta":[],"categories":[15],"tags":[],"_links":{"self":[{"href":"https:\/\/www.actualidadadiario.com\/index.php\/wp-json\/wp\/v2\/posts\/59970"}],"collection":[{"href":"https:\/\/www.actualidadadiario.com\/index.php\/wp-json\/wp\/v2\/posts"}],"about":[{"href":"https:\/\/www.actualidadadiario.com\/index.php\/wp-json\/wp\/v2\/types\/post"}],"author":[{"embeddable":true,"href":"https:\/\/www.actualidadadiario.com\/index.php\/wp-json\/wp\/v2\/users\/3"}],"replies":[{"embeddable":true,"href":"https:\/\/www.actualidadadiario.com\/index.php\/wp-json\/wp\/v2\/comments?post=59970"}],"version-history":[{"count":1,"href":"https:\/\/www.actualidadadiario.com\/index.php\/wp-json\/wp\/v2\/posts\/59970\/revisions"}],"predecessor-version":[{"id":59971,"href":"https:\/\/www.actualidadadiario.com\/index.php\/wp-json\/wp\/v2\/posts\/59970\/revisions\/59971"}],"wp:featuredmedia":[{"embeddable":true,"href":"https:\/\/www.actualidadadiario.com\/index.php\/wp-json\/wp\/v2\/media\/19484"}],"wp:attachment":[{"href":"https:\/\/www.actualidadadiario.com\/index.php\/wp-json\/wp\/v2\/media?parent=59970"}],"wp:term":[{"taxonomy":"category","embeddable":true,"href":"https:\/\/www.actualidadadiario.com\/index.php\/wp-json\/wp\/v2\/categories?post=59970"},{"taxonomy":"post_tag","embeddable":true,"href":"https:\/\/www.actualidadadiario.com\/index.php\/wp-json\/wp\/v2\/tags?post=59970"}],"curies":[{"name":"wp","href":"https:\/\/api.w.org\/{rel}","templated":true}]}}