{"id":59959,"date":"2020-04-06T13:18:23","date_gmt":"2020-04-06T16:18:23","guid":{"rendered":"https:\/\/www.actualidadadiario.com\/?p=59959"},"modified":"2020-04-06T13:18:23","modified_gmt":"2020-04-06T16:18:23","slug":"se-detecto-un-nuevo-caso-de-coronavirus-en-la-provincia-y-los-infectados-ya-son-19","status":"publish","type":"post","link":"https:\/\/www.actualidadadiario.com\/index.php\/2020\/04\/06\/se-detecto-un-nuevo-caso-de-coronavirus-en-la-provincia-y-los-infectados-ya-son-19\/","title":{"rendered":"Se detect\u00f3 un nuevo caso de Coronavirus en la provincia y los infectados ya son 19"},"content":{"rendered":"<p style=\"text-align: center;\"><em><strong>Este domingo se registr\u00f3 un nuevo caso de Coronavirus en Entre R\u00edos. Se trata de una mujer de la ciudad de Paran\u00e1 que mantuvo contacto estrecho con otro caso positivo que tiene antecedente de viaje a Ushuaia. De este modo, en Entre R\u00edos hay en estudio<\/strong><\/em><\/p>\n<p>&nbsp;<\/p>\n<p>&nbsp;<\/p>\n<p>De acuerdo a la informaci\u00f3n reportada hasta este domingo 5 de abril a las 19 por el \u00e1rea de Vigilancia Epidemiol\u00f3gica del Ministerio de Salud, en Entre R\u00edos se ha sumado un nuevo caso de Coronavirus.<\/p>\n<p>El mismo fue registrado en la ciudad de Paran\u00e1, corresponde a una mujer adulta que mantuvo contacto estrecho con otro caso positivo el cual tiene antecedente de viaje a Ushuaia, que es una de las zonas de Argentina identificadas con circulaci\u00f3n local.\u00a0 De ese modo, en la provincia se lleva registrado un total de 19 casos confirmados, 10 en estudio y 210 descartados en total.<\/p>\n","protected":false},"excerpt":{"rendered":"<p>Este domingo se registr\u00f3 un nuevo caso de Coronavirus en Entre R\u00edos. Se trata de una mujer de la ciudad de Paran\u00e1 que mantuvo contacto estrecho con otro caso positivo que tiene antecedente de viaje a Ushuaia. De este modo, en Entre R\u00edos hay en estudio &nbsp; &nbsp; De acuerdo a la informaci\u00f3n reportada hasta este domingo 5 de abril a las 19 por el \u00e1rea de Vigilancia Epidemiol\u00f3gica del Ministerio de Salud, en Entre R\u00edos se ha sumado un nuevo caso de Coronavirus. El mismo fue registrado en la&#8230;<\/p>\n","protected":false},"author":3,"featured_media":59960,"comment_status":"closed","ping_status":"closed","sticky":false,"template":"","format":"standard","meta":[],"categories":[15],"tags":[],"_links":{"self":[{"href":"https:\/\/www.actualidadadiario.com\/index.php\/wp-json\/wp\/v2\/posts\/59959"}],"collection":[{"href":"https:\/\/www.actualidadadiario.com\/index.php\/wp-json\/wp\/v2\/posts"}],"about":[{"href":"https:\/\/www.actualidadadiario.com\/index.php\/wp-json\/wp\/v2\/types\/post"}],"author":[{"embeddable":true,"href":"https:\/\/www.actualidadadiario.com\/index.php\/wp-json\/wp\/v2\/users\/3"}],"replies":[{"embeddable":true,"href":"https:\/\/www.actualidadadiario.com\/index.php\/wp-json\/wp\/v2\/comments?post=59959"}],"version-history":[{"count":1,"href":"https:\/\/www.actualidadadiario.com\/index.php\/wp-json\/wp\/v2\/posts\/59959\/revisions"}],"predecessor-version":[{"id":59961,"href":"https:\/\/www.actualidadadiario.com\/index.php\/wp-json\/wp\/v2\/posts\/59959\/revisions\/59961"}],"wp:featuredmedia":[{"embeddable":true,"href":"https:\/\/www.actualidadadiario.com\/index.php\/wp-json\/wp\/v2\/media\/59960"}],"wp:attachment":[{"href":"https:\/\/www.actualidadadiario.com\/index.php\/wp-json\/wp\/v2\/media?parent=59959"}],"wp:term":[{"taxonomy":"category","embeddable":true,"href":"https:\/\/www.actualidadadiario.com\/index.php\/wp-json\/wp\/v2\/categories?post=59959"},{"taxonomy":"post_tag","embeddable":true,"href":"https:\/\/www.actualidadadiario.com\/index.php\/wp-json\/wp\/v2\/tags?post=59959"}],"curies":[{"name":"wp","href":"https:\/\/api.w.org\/{rel}","templated":true}]}}