{"id":59953,"date":"2020-04-06T13:16:50","date_gmt":"2020-04-06T16:16:50","guid":{"rendered":"https:\/\/www.actualidadadiario.com\/?p=59953"},"modified":"2020-04-06T13:16:50","modified_gmt":"2020-04-06T16:16:50","slug":"articulan-acciones-para-atender-de-manera-eficaz-a-la-poblacion-mas-vulnerable-de-la-provincia","status":"publish","type":"post","link":"https:\/\/www.actualidadadiario.com\/index.php\/2020\/04\/06\/articulan-acciones-para-atender-de-manera-eficaz-a-la-poblacion-mas-vulnerable-de-la-provincia\/","title":{"rendered":"Articulan acciones para atender de manera eficaz a la poblaci\u00f3n m\u00e1s vulnerable de la provincia"},"content":{"rendered":"<p style=\"text-align: center;\"><em><strong>El gobierno provincial lleva adelante estrategias coordinadas y articuladas con el gobierno nacional y los municipios en torno a la atenci\u00f3n social en el marco de pandemia del coronavirus<\/strong><\/em><\/p>\n<p>&nbsp;<\/p>\n<p>&nbsp;<\/p>\n<p>La ministra de Desarrollo Social, Marisa Paira, realiz\u00f3 un informe en la conferencia de prensa virtual realizada este domingo desde la Casa Gris y dio cuenta de las pol\u00edticas implementadas que se llevan a cabo para atender a los sectores m\u00e1s vulnerables y los grupos de riesgo de la sociedad.<\/p>\n<p>Paira agradeci\u00f3 en primer t\u00e9rmino a todas las personas que se quedan en su casa a hacer la cuarentena, y a aquellos que no se pueden quedar porque atienden la salud, as\u00ed como a los permiten que todos podamos recibir el alimento y respetar esta cuarentena en la casa. Hizo extensivo el agradecimiento a quienes est\u00e1n cuidando a los ni\u00f1os, ni\u00f1as, adolescentes y a los adultos mayores en las residencias geri\u00e1tricas, y \u201cque sostienen este cuidado tan necesario en este momento, como en las residencias del Copnaf\u201d.<\/p>\n<p>Luego, indic\u00f3: &#8220;Quiero transmitirles que estamos trabajando articuladamente con todos los municipios, juntas de gobierno y comunas de la provincia, en fortalecer las estrategias que se van dando localmente para poder acompa\u00f1ar a los sectores de mayor vulnerabilidad y los grupos de riesgo. En esta l\u00ednea, nuestro gobernador esta semana anunci\u00f3 el aumento de lo que van a percibir los beneficiarios de la Ley 4035 que va dirigida a la poblaci\u00f3n de mayor vulnerabilidad que son nuestros adultos mayores, fundamentalmente; y tambi\u00e9n de los comedores escolares que hoy en la provincia suman m\u00e1s de 500, que est\u00e1n entregando aproximadamente 20.000 viandas por d\u00eda y que se relacionan y complementan con los comedores comunitario y los comedores municipales que posibilitan dar una respuesta a las necesidades alimentarias en este momento&#8221;, precis\u00f3 la ministra.<\/p>\n<p>Luego manifest\u00f3 que las medidas planteadas desde la provincia refuerzan y acompa\u00f1an las que sostiene el gobierno nacional del refuerzo de la Asignaci\u00f3n Universal, del salario familiar de emergencia, que ya se comenz\u00f3 a percibir; de la tarjeta Alimentar, que semanalmente se est\u00e1 acreditando; y tambi\u00e9n de todo lo que es la asistencia que cada \u00e1rea espec\u00edfica est\u00e1 organizando en este momento.<\/p>\n<p>M\u00e1s adelante, la funcionaria destac\u00f3 &#8220;el trabajo articulado con las organizaciones de la sociedad civil, con los movimientos sociales, la colaboraci\u00f3n que est\u00e1 prestando en muchas localidades el ej\u00e9rcito \u201cen todo lo que son las estrategias locales y que forman parte de este Estado presente, que planifica un modo de acompa\u00f1ar y de atender las demandas en toda la provincia, respetando las particularidades locales que tenemos en cada lugar&#8221;.<\/p>\n<p>Indic\u00f3 que, en materia de violencia de g\u00e9nero, se contin\u00faa con los espacios de atenci\u00f3n a trav\u00e9s de la Secretar\u00eda de la Mujer, con los espacios de denuncias. Agreg\u00f3 que el Ministerio de las Mujeres de la Naci\u00f3n emiti\u00f3 el s\u00e1bado una resoluci\u00f3n que recomienda y refuerza el grupo de personas que, por fuerza mayor, pueden circular, entre las cuales est\u00e1n las que se dirigen a realizar una denuncia por violencia de g\u00e9nero. \u201cEsto lo vamos a ir informando y reforzando en lo que va de esta semana&#8221;, remarc\u00f3.<\/p>\n<p>En su alocuci\u00f3n, se\u00f1al\u00f3 que desde el \u00e1rea de Econom\u00eda Social se comenz\u00f3 en toda la provincia una campa\u00f1a de comprar alimentos a emprendimientos de la econom\u00eda social qued\u00e1ndose en casa. \u201cEsto fortalece todo el tejido social en quienes est\u00e1n hoy con emprendimientos alimentarios, a trav\u00e9s de deliverys, y est\u00e1 trabajado y articulado con el ICAB; es una forma de fortalecer y de mover nuestra econom\u00eda popular&#8221;, expres\u00f3. A ello agreg\u00f3 que hay ocho cooperativas trabajando en la producci\u00f3n de barbijos y en la campa\u00f1a cobijar para la confecci\u00f3n de frazadas.<\/p>\n<p>Adem\u00e1s, mencion\u00f3 que las \u00e1reas de Deportes y de Juventud, est\u00e1n con una fuerte impronta en los medios y en redes sociales, para sumar ideas sobre lo que se puede hacer en los hogares durante esta cuarentena, que implica buenos h\u00e1bitos de salud, sostener trabajos con los adultos mayores, y trabajos con adolescentes y j\u00f3venes.<\/p>\n<p>En cuanto al Iprodi, dijo que se contin\u00faa &#8220;trabajando muy fuerte, a trav\u00e9s de la red Cerca del Servicio de Lengua de Se\u00f1as y de la atenci\u00f3n en la asesor\u00eda legal que funciona de 8 a 19.<\/p>\n<p>En cuanto a los adultos mayores, inform\u00f3 que se contin\u00faa atendiendo las llamadas y consultas al \u00e1rea de la Subsecretar\u00eda de Pol\u00edticas de Cuidados y al \u00e1rea de la Ley 4035, y trabajando en forma mancomunada con los intendentes y los espacios locales para pensar estrategias, acompa\u00f1ando a los adultos mayores desde los diferentes espacios.<\/p>\n<p>Finalmente, la funcionaria resalt\u00f3 que &#8220;todas las \u00e1reas del Ministerio de Desarrollo Social y del Estado provincial est\u00e1n siguiendo las directivas y enmarcando nuestras acciones en la l\u00ednea que indica Salud, \u201ctrabajando articuladamente para poder fortalecer el cuidado, que se puedan seguir quedando en casa para evitar el contagio, pero tambi\u00e9n para que podamos estar llegando a todos los sectores de la poblaci\u00f3n que m\u00e1s nos necesitan hoy&#8221;.<\/p>\n","protected":false},"excerpt":{"rendered":"<p>El gobierno provincial lleva adelante estrategias coordinadas y articuladas con el gobierno nacional y los municipios en torno a la atenci\u00f3n social en el marco de pandemia del coronavirus &nbsp; &nbsp; La ministra de Desarrollo Social, Marisa Paira, realiz\u00f3 un informe en la conferencia de prensa virtual realizada este domingo desde la Casa Gris y dio cuenta de las pol\u00edticas implementadas que se llevan a cabo para atender a los sectores m\u00e1s vulnerables y los grupos de riesgo de la sociedad. Paira agradeci\u00f3 en primer t\u00e9rmino a todas las personas&#8230;<\/p>\n","protected":false},"author":3,"featured_media":59954,"comment_status":"closed","ping_status":"closed","sticky":false,"template":"","format":"standard","meta":[],"categories":[9],"tags":[],"_links":{"self":[{"href":"https:\/\/www.actualidadadiario.com\/index.php\/wp-json\/wp\/v2\/posts\/59953"}],"collection":[{"href":"https:\/\/www.actualidadadiario.com\/index.php\/wp-json\/wp\/v2\/posts"}],"about":[{"href":"https:\/\/www.actualidadadiario.com\/index.php\/wp-json\/wp\/v2\/types\/post"}],"author":[{"embeddable":true,"href":"https:\/\/www.actualidadadiario.com\/index.php\/wp-json\/wp\/v2\/users\/3"}],"replies":[{"embeddable":true,"href":"https:\/\/www.actualidadadiario.com\/index.php\/wp-json\/wp\/v2\/comments?post=59953"}],"version-history":[{"count":1,"href":"https:\/\/www.actualidadadiario.com\/index.php\/wp-json\/wp\/v2\/posts\/59953\/revisions"}],"predecessor-version":[{"id":59955,"href":"https:\/\/www.actualidadadiario.com\/index.php\/wp-json\/wp\/v2\/posts\/59953\/revisions\/59955"}],"wp:featuredmedia":[{"embeddable":true,"href":"https:\/\/www.actualidadadiario.com\/index.php\/wp-json\/wp\/v2\/media\/59954"}],"wp:attachment":[{"href":"https:\/\/www.actualidadadiario.com\/index.php\/wp-json\/wp\/v2\/media?parent=59953"}],"wp:term":[{"taxonomy":"category","embeddable":true,"href":"https:\/\/www.actualidadadiario.com\/index.php\/wp-json\/wp\/v2\/categories?post=59953"},{"taxonomy":"post_tag","embeddable":true,"href":"https:\/\/www.actualidadadiario.com\/index.php\/wp-json\/wp\/v2\/tags?post=59953"}],"curies":[{"name":"wp","href":"https:\/\/api.w.org\/{rel}","templated":true}]}}