{"id":59931,"date":"2020-04-03T13:05:06","date_gmt":"2020-04-03T16:05:06","guid":{"rendered":"https:\/\/www.actualidadadiario.com\/?p=59931"},"modified":"2020-04-03T13:05:06","modified_gmt":"2020-04-03T16:05:06","slug":"alberto-recibe-hoy-en-olivos-a-la-cgt-y-a-la-camara-de-comercio","status":"publish","type":"post","link":"https:\/\/www.actualidadadiario.com\/index.php\/2020\/04\/03\/alberto-recibe-hoy-en-olivos-a-la-cgt-y-a-la-camara-de-comercio\/","title":{"rendered":"Alberto recibe hoy en Olivos a la CGT y a la C\u00e1mara de Comercio"},"content":{"rendered":"<p style=\"text-align: center;\"><em><strong>El Presidente se reunir\u00e1 primero con los integrantes de la CAC, presididos por Jorge Di Fiori. Luego, mantendr\u00e1 un encuentro con integrantes de la conducci\u00f3n de la CGT para analizar las consecuencias que la pandemia est\u00e1 provocando en el mundo del trabajo<\/strong><\/em><\/p>\n<p>&nbsp;<\/p>\n<p>&nbsp;<\/p>\n<p>El presidente Alberto Fern\u00e1ndez recibir\u00e1 hoy en la residencia de Olivos a integrantes de la C\u00e1mara Argentina de Comercio y Servicios (CAC) y, luego, a representantes de la mesa chica de la CGT, con quienes analizar\u00e1 las medidas adoptadas en el marco de propagaci\u00f3n del coronavirus en el pa\u00eds, informaron fuentes oficiales.<\/p>\n<p>A las 11, el mandatario recibir\u00e1 a los integrantes de la CAC, presididos por Jorge Di Fiori, con quienes &#8220;dialogar\u00e1 acerca de la delicada situaci\u00f3n que atraviesa el comercio y los servicios, en el marco de la emergencia generada por la pandemia de Covid-19&#8221;, indic\u00f3 la organizaci\u00f3n en un comunicado.<\/p>\n<p>Luego a las 13, el Presidente recibir\u00e1 a integrantes de la conducci\u00f3n de la CGT, encabezada por H\u00e9ctor Daer y Carlos Acu\u00f1a, en un encuentro en el que se analizar\u00e1n las consecuencias que la pandemia est\u00e1 provocando en el mundo del trabajo.<\/p>\n<p>Ambas reuniones se realizar\u00e1n en la residencia de Olivos, donde Fern\u00e1ndez viene desarrollando su actividad, en el marco del aislamiento social y obligatorio dispuesto por el Poder Ejecutivo.<\/p>\n<p>Fuentes gremiales explicaron que el encuentro con la CGT se program\u00f3 ayer, a trav\u00e9s del ministro de Trabajo, Claudio Moroni.<\/p>\n<p>En esa reuni\u00f3n, Fern\u00e1ndez estar\u00e1 acompa\u00f1ado por el ministro Moroni y se podr\u00eda sumar el de Desarrollo Productivo, Mat\u00edas Kulfas, indic\u00f3 la fuente gremial.<\/p>\n<p>En tanto, Daer -del gremio de la sanidad- llegar\u00e1 a Olivos acompa\u00f1ado por el otro co titular de la CGT Carlos Acu\u00f1a; Andr\u00e9s Rodr\u00edguez, de UPCN; Jos\u00e9 Luis Lingeri, de Obras Sanitarias; Gerardo Mart\u00ednez, de UOCRA; Antonio Cal\u00f3, de la UOM; Armando Cavalieri, de Comercio; y Carlos Frigerio, de cerveceros.<\/p>\n","protected":false},"excerpt":{"rendered":"<p>El Presidente se reunir\u00e1 primero con los integrantes de la CAC, presididos por Jorge Di Fiori. Luego, mantendr\u00e1 un encuentro con integrantes de la conducci\u00f3n de la CGT para analizar las consecuencias que la pandemia est\u00e1 provocando en el mundo del trabajo &nbsp; &nbsp; El presidente Alberto Fern\u00e1ndez recibir\u00e1 hoy en la residencia de Olivos a integrantes de la C\u00e1mara Argentina de Comercio y Servicios (CAC) y, luego, a representantes de la mesa chica de la CGT, con quienes analizar\u00e1 las medidas adoptadas en el marco de propagaci\u00f3n del coronavirus&#8230;<\/p>\n","protected":false},"author":3,"featured_media":59932,"comment_status":"closed","ping_status":"closed","sticky":false,"template":"","format":"standard","meta":[],"categories":[18],"tags":[],"_links":{"self":[{"href":"https:\/\/www.actualidadadiario.com\/index.php\/wp-json\/wp\/v2\/posts\/59931"}],"collection":[{"href":"https:\/\/www.actualidadadiario.com\/index.php\/wp-json\/wp\/v2\/posts"}],"about":[{"href":"https:\/\/www.actualidadadiario.com\/index.php\/wp-json\/wp\/v2\/types\/post"}],"author":[{"embeddable":true,"href":"https:\/\/www.actualidadadiario.com\/index.php\/wp-json\/wp\/v2\/users\/3"}],"replies":[{"embeddable":true,"href":"https:\/\/www.actualidadadiario.com\/index.php\/wp-json\/wp\/v2\/comments?post=59931"}],"version-history":[{"count":1,"href":"https:\/\/www.actualidadadiario.com\/index.php\/wp-json\/wp\/v2\/posts\/59931\/revisions"}],"predecessor-version":[{"id":59933,"href":"https:\/\/www.actualidadadiario.com\/index.php\/wp-json\/wp\/v2\/posts\/59931\/revisions\/59933"}],"wp:featuredmedia":[{"embeddable":true,"href":"https:\/\/www.actualidadadiario.com\/index.php\/wp-json\/wp\/v2\/media\/59932"}],"wp:attachment":[{"href":"https:\/\/www.actualidadadiario.com\/index.php\/wp-json\/wp\/v2\/media?parent=59931"}],"wp:term":[{"taxonomy":"category","embeddable":true,"href":"https:\/\/www.actualidadadiario.com\/index.php\/wp-json\/wp\/v2\/categories?post=59931"},{"taxonomy":"post_tag","embeddable":true,"href":"https:\/\/www.actualidadadiario.com\/index.php\/wp-json\/wp\/v2\/tags?post=59931"}],"curies":[{"name":"wp","href":"https:\/\/api.w.org\/{rel}","templated":true}]}}