{"id":59929,"date":"2020-04-03T13:04:22","date_gmt":"2020-04-03T16:04:22","guid":{"rendered":"https:\/\/www.actualidadadiario.com\/?p=59929"},"modified":"2020-04-03T13:04:22","modified_gmt":"2020-04-03T16:04:22","slug":"moroni-expone-ante-senadores-de-la-comision-de-trabajo-por-videoconferencia","status":"publish","type":"post","link":"https:\/\/www.actualidadadiario.com\/index.php\/2020\/04\/03\/moroni-expone-ante-senadores-de-la-comision-de-trabajo-por-videoconferencia\/","title":{"rendered":"Moroni expone ante senadores de la Comisi\u00f3n de Trabajo por videoconferencia"},"content":{"rendered":"<p style=\"text-align: center;\"><em><strong>Seg\u00fan se inform\u00f3 oficialmente, la reuni\u00f3n virtual se llevar\u00e1 a cabo desde las 15, en ella, los legisladores, desde sus casas donde cumplen el aislamiento, podr\u00e1n interactuar con el funcionario y hacerle las preguntas que consideren necesarias<\/strong><\/em><\/p>\n<p>&nbsp;<\/p>\n<p>&nbsp;<\/p>\n<p>El ministro de Trabajo, Claudio Moroni, expondr\u00e1 hoy por videoconferencia ante los senadores que integran la Comisi\u00f3n de Trabajo para explicar las medidas adoptadas por el Gobierno para paliar el impacto de la pandemia de coronavirus en el mercado laboral, entre ellas la prohibici\u00f3n de los despidos y suspensiones por el t\u00e9rmino de 60 d\u00edas, dispuesta a trav\u00e9s de un DNU.<\/p>\n<p>Seg\u00fan se inform\u00f3 oficialmente, la reuni\u00f3n virtual se llevar\u00e1 a cabo desde las 15, en ella, los legisladores, desde sus casas donde cumplen el aislamiento, podr\u00e1n interactuar con el funcionario y hacerle las preguntas que consideren necesarias.<\/p>\n<p>En su exposici\u00f3n, Moroni precisar\u00e1 los alcances de la decisi\u00f3n del Gobierno nacional de prohibir los despidos y las suspensiones por el t\u00e9rmino de 60 d\u00edas.<\/p>\n<p>Seg\u00fan el Decreto de Necesidad y Urgencia 329\/2020, el Poder Ejecutivo prohibi\u00f3 por dos meses &#8220;los despidos sin justa causa y por las causales de falta o disminuci\u00f3n de trabajo y fuerza mayor&#8221;, as\u00ed como las &#8220;suspensiones por las causales de fuerza mayor o falta o disminuci\u00f3n de trabajo&#8221;.<\/p>\n<p>La de hoy ser\u00e1 la primera actividad legislativa que llevar\u00e1 a cabo el Senado desde que se declar\u00f3 la cuarentena a ra\u00edz del brote de Covid-19.<\/p>\n<p>La Comisi\u00f3n de Trabajo, que encabeza el peronista pampeano Daniel Lovera, deb\u00eda recibir a Moroni el mi\u00e9rcoles por la tarde, pero el funcionario solicit\u00f3 posponer el encuentro online para hoy.<\/p>\n","protected":false},"excerpt":{"rendered":"<p>Seg\u00fan se inform\u00f3 oficialmente, la reuni\u00f3n virtual se llevar\u00e1 a cabo desde las 15, en ella, los legisladores, desde sus casas donde cumplen el aislamiento, podr\u00e1n interactuar con el funcionario y hacerle las preguntas que consideren necesarias &nbsp; &nbsp; El ministro de Trabajo, Claudio Moroni, expondr\u00e1 hoy por videoconferencia ante los senadores que integran la Comisi\u00f3n de Trabajo para explicar las medidas adoptadas por el Gobierno para paliar el impacto de la pandemia de coronavirus en el mercado laboral, entre ellas la prohibici\u00f3n de los despidos y suspensiones por el&#8230;<\/p>\n","protected":false},"author":3,"featured_media":56342,"comment_status":"closed","ping_status":"closed","sticky":false,"template":"","format":"standard","meta":[],"categories":[18],"tags":[],"_links":{"self":[{"href":"https:\/\/www.actualidadadiario.com\/index.php\/wp-json\/wp\/v2\/posts\/59929"}],"collection":[{"href":"https:\/\/www.actualidadadiario.com\/index.php\/wp-json\/wp\/v2\/posts"}],"about":[{"href":"https:\/\/www.actualidadadiario.com\/index.php\/wp-json\/wp\/v2\/types\/post"}],"author":[{"embeddable":true,"href":"https:\/\/www.actualidadadiario.com\/index.php\/wp-json\/wp\/v2\/users\/3"}],"replies":[{"embeddable":true,"href":"https:\/\/www.actualidadadiario.com\/index.php\/wp-json\/wp\/v2\/comments?post=59929"}],"version-history":[{"count":1,"href":"https:\/\/www.actualidadadiario.com\/index.php\/wp-json\/wp\/v2\/posts\/59929\/revisions"}],"predecessor-version":[{"id":59930,"href":"https:\/\/www.actualidadadiario.com\/index.php\/wp-json\/wp\/v2\/posts\/59929\/revisions\/59930"}],"wp:featuredmedia":[{"embeddable":true,"href":"https:\/\/www.actualidadadiario.com\/index.php\/wp-json\/wp\/v2\/media\/56342"}],"wp:attachment":[{"href":"https:\/\/www.actualidadadiario.com\/index.php\/wp-json\/wp\/v2\/media?parent=59929"}],"wp:term":[{"taxonomy":"category","embeddable":true,"href":"https:\/\/www.actualidadadiario.com\/index.php\/wp-json\/wp\/v2\/categories?post=59929"},{"taxonomy":"post_tag","embeddable":true,"href":"https:\/\/www.actualidadadiario.com\/index.php\/wp-json\/wp\/v2\/tags?post=59929"}],"curies":[{"name":"wp","href":"https:\/\/api.w.org\/{rel}","templated":true}]}}