{"id":59923,"date":"2020-04-03T13:02:51","date_gmt":"2020-04-03T16:02:51","guid":{"rendered":"https:\/\/www.actualidadadiario.com\/?p=59923"},"modified":"2020-04-03T13:02:51","modified_gmt":"2020-04-03T16:02:51","slug":"tras-la-polemica-osde-el-gobierno-no-centralizara-los-recursos-sanitarios-y-creara-la-mesa-de-coordinacion","status":"publish","type":"post","link":"https:\/\/www.actualidadadiario.com\/index.php\/2020\/04\/03\/tras-la-polemica-osde-el-gobierno-no-centralizara-los-recursos-sanitarios-y-creara-la-mesa-de-coordinacion\/","title":{"rendered":"Tras la pol\u00e9mica OSDE, el Gobierno no centralizar\u00e1 los recursos sanitarios y crear\u00e1 la mesa de coordinaci\u00f3n"},"content":{"rendered":"<p style=\"text-align: center;\"><em><strong>Gin\u00e9s Gonz\u00e1lez Garc\u00eda recibi\u00f3 a los representantes de cl\u00ednicas y medicina privada de todo el pa\u00eds, tras el lobby de empresarios y dirigentes de Cambiemos que no gobiernan distritos, y se decidi\u00f3 que no habr\u00eda un DNU para declarar de inter\u00e9s p\u00fablico los recursos sanitarios del pa\u00eds. En cambio, habr\u00eda una resoluci\u00f3n para profundizar la coordinaci\u00f3n entre el sector p\u00fablico y el sector privado<\/strong><\/em><\/p>\n<p>&nbsp;<\/p>\n<p>&nbsp;<\/p>\n<p>Tras la pol\u00e9mica impulsada en redes sociales por lobbistas, empresarios y dirigentes de Cambiemos que no gobiernan distritos para frenar un posible DNU presidencial que declarase de inter\u00e9s p\u00fablico los recursos sanitarios de todo el pa\u00eds, Gin\u00e9s Gonz\u00e1lez Garc\u00eda recibi\u00f3 a los representantes de cl\u00ednicas y medicina privada de todo el pa\u00eds y se decidi\u00f3 que no saldr\u00eda ese decreto y que por ahora, en cambio, habr\u00eda una resoluci\u00f3n para profundizar la coordinaci\u00f3n entre el sector p\u00fablico y el sector privado.<\/p>\n<p>Seg\u00fan publicaciones de Clar\u00edn, La Naci\u00f3n e Infobae, el ministro de Salud les habr\u00eda asegurado a los principales representantes del sector de medicina privada que intentar\u00e1 no intervenir la actividad a partir de un decreto, como \u00e9l mismo hab\u00eda sugerido en una conferencia virtual de la comisi\u00f3n de Salud de la C\u00e1mara de Diputados.<\/p>\n<p>Seg\u00fan las versiones, lo que ocurrir\u00e1 es que habr\u00e1 s\u00f3lo una resoluci\u00f3n ministerial para crear una mesa de coordinaci\u00f3n entre el sector p\u00fablico y el sector privado de la salud. A trav\u00e9s de ese documento, avalado por el decreto que declar\u00f3 la emergencia sanitaria, se montar\u00e1 una mesa de coordinaci\u00f3n nacional para conocer minuto a minuto el estado y el factor de ocupaci\u00f3n de las camas de internaci\u00f3n com\u00fan y de terapia intensiva, entre otros recursos del sistema de salud.<\/p>\n<p>La idea es que la iniciativa se replique en las provincias y que si faltan camas de terapia en hospitales p\u00fablicos puedan ser suplidas en los sanatorios privados. &#8220;Queremos estimular la coordinaci\u00f3n en todas las jurisdicciones entre lo p\u00fablico y lo privado para que las decisiones tengan un fin p\u00fablico en el marco de esta emergencia&#8221;, explic\u00f3 Gonz\u00e1lez Garc\u00eda a Clar\u00edn, una vez terminada la reuni\u00f3n.<\/p>\n<p>Gin\u00e9s, seg\u00fan LN, habr\u00eda reconocido que no es &#8220;el \u00fanico&#8221; que opina sobre el tema en la mesa que conduce el presidente Alberto Fern\u00e1ndez, por lo que no podr\u00eda asegurar que el DNU eventualmente no terminara saliendo. De todas formas, en caso de necesitarlo, prometi\u00f3 que esa mesa de coordinaci\u00f3n que integrar\u00e1n los asistentes del encuentro servir\u00e1 para consultarlos y evitar mayores conflictos.<\/p>\n<p>Del encuentro participaron Jos\u00e9 S\u00e1nchez, de la Federaci\u00f3n de C\u00e1maras de Emergencias M\u00e9dicas (representa a las ambulancias y los servicios de traslado); Miguel Troisi, presidente de Faosdir (representa a obras sociales de direcci\u00f3n de empresa, como OSDE); y representantes de Acami (entidades sin fines de lucro); Adem (Asociaci\u00f3n de Empresas de Medicina Prepaga), de obras sociales nacionales (por ejemplo, UPCN, due\u00f1o del Sanatorio Anchorena) y Jorge Cherro, de Adecra.<\/p>\n<p>&#8220;No habr\u00e1 decreto. Ser\u00e1 s\u00f3lo un \u00e1mbito de coordinaci\u00f3n de lo p\u00fablico y privado frente a la epidemia&#8221;, reprodujeron fuentes oficiales y de las empresas, al tanto de las conversaciones.<\/p>\n<p>M\u00e1s all\u00e1 de la falta de definiciones, los empresarios y representantes de la salud en general se retiraron del encuentro con un grado menor de preocupaci\u00f3n en comparaci\u00f3n con el que hab\u00edan llegado.<\/p>\n<p>No obstante, la preocupaci\u00f3n que hab\u00edan manifestado tambi\u00e9n hab\u00eda inundado las redes sociales de acusaciones de &#8220;comunismo&#8221; y de que el Gobierno buscaba &#8220;expropiar&#8221; camas de ciudadanos que hab\u00edan pagado por ellas. Curiosamente, hasta el propio gobierno porte\u00f1o de Horacio Rodr\u00edguez Larreta hab\u00eda apoyado la hipot\u00e9tica medida. Pa\u00edses como Irlanda y Espa\u00f1a, de hecho ya avanzaron en ese camino en el contexto de la pandemia.<\/p>\n","protected":false},"excerpt":{"rendered":"<p>Gin\u00e9s Gonz\u00e1lez Garc\u00eda recibi\u00f3 a los representantes de cl\u00ednicas y medicina privada de todo el pa\u00eds, tras el lobby de empresarios y dirigentes de Cambiemos que no gobiernan distritos, y se decidi\u00f3 que no habr\u00eda un DNU para declarar de inter\u00e9s p\u00fablico los recursos sanitarios del pa\u00eds. En cambio, habr\u00eda una resoluci\u00f3n para profundizar la coordinaci\u00f3n entre el sector p\u00fablico y el sector privado &nbsp; &nbsp; Tras la pol\u00e9mica impulsada en redes sociales por lobbistas, empresarios y dirigentes de Cambiemos que no gobiernan distritos para frenar un posible DNU presidencial&#8230;<\/p>\n","protected":false},"author":3,"featured_media":59924,"comment_status":"closed","ping_status":"closed","sticky":false,"template":"","format":"standard","meta":[],"categories":[18],"tags":[],"_links":{"self":[{"href":"https:\/\/www.actualidadadiario.com\/index.php\/wp-json\/wp\/v2\/posts\/59923"}],"collection":[{"href":"https:\/\/www.actualidadadiario.com\/index.php\/wp-json\/wp\/v2\/posts"}],"about":[{"href":"https:\/\/www.actualidadadiario.com\/index.php\/wp-json\/wp\/v2\/types\/post"}],"author":[{"embeddable":true,"href":"https:\/\/www.actualidadadiario.com\/index.php\/wp-json\/wp\/v2\/users\/3"}],"replies":[{"embeddable":true,"href":"https:\/\/www.actualidadadiario.com\/index.php\/wp-json\/wp\/v2\/comments?post=59923"}],"version-history":[{"count":1,"href":"https:\/\/www.actualidadadiario.com\/index.php\/wp-json\/wp\/v2\/posts\/59923\/revisions"}],"predecessor-version":[{"id":59925,"href":"https:\/\/www.actualidadadiario.com\/index.php\/wp-json\/wp\/v2\/posts\/59923\/revisions\/59925"}],"wp:featuredmedia":[{"embeddable":true,"href":"https:\/\/www.actualidadadiario.com\/index.php\/wp-json\/wp\/v2\/media\/59924"}],"wp:attachment":[{"href":"https:\/\/www.actualidadadiario.com\/index.php\/wp-json\/wp\/v2\/media?parent=59923"}],"wp:term":[{"taxonomy":"category","embeddable":true,"href":"https:\/\/www.actualidadadiario.com\/index.php\/wp-json\/wp\/v2\/categories?post=59923"},{"taxonomy":"post_tag","embeddable":true,"href":"https:\/\/www.actualidadadiario.com\/index.php\/wp-json\/wp\/v2\/tags?post=59923"}],"curies":[{"name":"wp","href":"https:\/\/api.w.org\/{rel}","templated":true}]}}