{"id":59920,"date":"2020-04-03T13:02:04","date_gmt":"2020-04-03T16:02:04","guid":{"rendered":"https:\/\/www.actualidadadiario.com\/?p=59920"},"modified":"2020-04-03T13:02:04","modified_gmt":"2020-04-03T16:02:04","slug":"el-oficialismo-del-senado-tuvo-su-primera-reunion-virtual-de-bloque-antes-de-recibir-a-moroni","status":"publish","type":"post","link":"https:\/\/www.actualidadadiario.com\/index.php\/2020\/04\/03\/el-oficialismo-del-senado-tuvo-su-primera-reunion-virtual-de-bloque-antes-de-recibir-a-moroni\/","title":{"rendered":"El oficialismo del Senado tuvo su primera reuni\u00f3n virtual de bloque antes de recibir a Moroni"},"content":{"rendered":"<p style=\"text-align: center;\"><em><strong>Los senadores, encabezados por el formose\u00f1o Jos\u00e9 Mayans, mantuvieron un di\u00e1logo que dur\u00f3 m\u00e1s de tres horas y que se llev\u00f3 a cabo a trav\u00e9s de internet<\/strong><\/em><\/p>\n<p>&nbsp;<\/p>\n<p>&nbsp;<\/p>\n<p>El bloque de senadores del Frente de Todos mantuvo este jueves su primera reuni\u00f3n &#8220;virtual&#8221; para preparar el encuentro por videoconferencia que los integrantes de la Comisi\u00f3n de Trabajo de la C\u00e1mara alta mantendr\u00e1n ma\u00f1ana con el titular de la cartera laboral, Claudio Moroni.<\/p>\n<p>Adem\u00e1s, los legisladores decidieron delinear algunas actividades que se desarrollar\u00e1n la semana pr\u00f3xima, en el marco del distanciamiento preventivo ante el aislamiento social dispuesto por la pandemia de coronavirus.<\/p>\n<p>Seg\u00fan trascendi\u00f3 de fuentes parlamentarias, el oficialismo traz\u00f3 la estrategia para entrevistar ma\u00f1ana desde las 15 a Moroni junto con los senadores de la oposici\u00f3n que conforman la comisi\u00f3n presidida por el peronista pampeano Daniel Lovera.<\/p>\n<p>Tambi\u00e9n resolvieron ir normalizando el trabajo de las comisiones utilizando la modalidad virtual que uno de los legisladores que particip\u00f3 este jueves defini\u00f3 como &#8220;novedosa&#8221;, y que se lleva a cabo mediante el programa &#8220;Zoom&#8221;, que facilita la interacci\u00f3n entre varios participantes al mismo tiempo.<\/p>\n<p>La decisi\u00f3n es &#8220;poner en marcha&#8221; el esquema de trabajo en las comisiones mediante las &#8220;videoconferencias&#8221;, del mismo modo que en la C\u00e1mara de Diputados.<\/p>\n<p>Algunos legisladores, incluso, plantearon mantener un intercambio con el ministro de Desarrollo Productivo de la Naci\u00f3n, Mat\u00edas Kulfas, para debatir sobre la situaci\u00f3n de las econom\u00edas regionales ante el parate de la actividad productiva por la cuarentena.<\/p>\n<p>Uno de los senadores advirti\u00f3 adem\u00e1s sobre la diferencia que existe, en ese marco, entre los grandes centros urbanos y los peque\u00f1os pueblos.<\/p>\n<p>Sobre la posibilidad de donar parte de sus dietas para ayudar a la lucha contra el coronavirus, uno de los legisladores destac\u00f3 que &#8220;cada uno hace sus aportes en su territorio. Sabe c\u00f3mo lo hace y d\u00f3nde lo hace. La idea es que cada uno se haga responsable de poner su colaboraci\u00f3n donde se necesite&#8221;, dijeron las fuentes.<\/p>\n<p>Algunos senadores del oficialismo y de la oposici\u00f3n ya anunciaron la donaci\u00f3n parcial de sus dietas para ayudar a paliar las consecuencias de la pandemia.<\/p>\n","protected":false},"excerpt":{"rendered":"<p>Los senadores, encabezados por el formose\u00f1o Jos\u00e9 Mayans, mantuvieron un di\u00e1logo que dur\u00f3 m\u00e1s de tres horas y que se llev\u00f3 a cabo a trav\u00e9s de internet &nbsp; &nbsp; El bloque de senadores del Frente de Todos mantuvo este jueves su primera reuni\u00f3n &#8220;virtual&#8221; para preparar el encuentro por videoconferencia que los integrantes de la Comisi\u00f3n de Trabajo de la C\u00e1mara alta mantendr\u00e1n ma\u00f1ana con el titular de la cartera laboral, Claudio Moroni. Adem\u00e1s, los legisladores decidieron delinear algunas actividades que se desarrollar\u00e1n la semana pr\u00f3xima, en el marco del&#8230;<\/p>\n","protected":false},"author":3,"featured_media":59921,"comment_status":"closed","ping_status":"closed","sticky":false,"template":"","format":"standard","meta":[],"categories":[18],"tags":[],"_links":{"self":[{"href":"https:\/\/www.actualidadadiario.com\/index.php\/wp-json\/wp\/v2\/posts\/59920"}],"collection":[{"href":"https:\/\/www.actualidadadiario.com\/index.php\/wp-json\/wp\/v2\/posts"}],"about":[{"href":"https:\/\/www.actualidadadiario.com\/index.php\/wp-json\/wp\/v2\/types\/post"}],"author":[{"embeddable":true,"href":"https:\/\/www.actualidadadiario.com\/index.php\/wp-json\/wp\/v2\/users\/3"}],"replies":[{"embeddable":true,"href":"https:\/\/www.actualidadadiario.com\/index.php\/wp-json\/wp\/v2\/comments?post=59920"}],"version-history":[{"count":1,"href":"https:\/\/www.actualidadadiario.com\/index.php\/wp-json\/wp\/v2\/posts\/59920\/revisions"}],"predecessor-version":[{"id":59922,"href":"https:\/\/www.actualidadadiario.com\/index.php\/wp-json\/wp\/v2\/posts\/59920\/revisions\/59922"}],"wp:featuredmedia":[{"embeddable":true,"href":"https:\/\/www.actualidadadiario.com\/index.php\/wp-json\/wp\/v2\/media\/59921"}],"wp:attachment":[{"href":"https:\/\/www.actualidadadiario.com\/index.php\/wp-json\/wp\/v2\/media?parent=59920"}],"wp:term":[{"taxonomy":"category","embeddable":true,"href":"https:\/\/www.actualidadadiario.com\/index.php\/wp-json\/wp\/v2\/categories?post=59920"},{"taxonomy":"post_tag","embeddable":true,"href":"https:\/\/www.actualidadadiario.com\/index.php\/wp-json\/wp\/v2\/tags?post=59920"}],"curies":[{"name":"wp","href":"https:\/\/api.w.org\/{rel}","templated":true}]}}