{"id":59918,"date":"2020-04-03T13:01:18","date_gmt":"2020-04-03T16:01:18","guid":{"rendered":"https:\/\/www.actualidadadiario.com\/?p=59918"},"modified":"2020-04-03T13:01:18","modified_gmt":"2020-04-03T16:01:18","slug":"la-afi-destinara-a-salud-88-millones-para-luchar-contra-el-coronavirus","status":"publish","type":"post","link":"https:\/\/www.actualidadadiario.com\/index.php\/2020\/04\/03\/la-afi-destinara-a-salud-88-millones-para-luchar-contra-el-coronavirus\/","title":{"rendered":"La AFI destinar\u00e1 a Salud $88 millones para luchar contra el coronavirus"},"content":{"rendered":"<p style=\"text-align: center;\"><em><strong>As\u00ed lo acordaron en Olivos la interventora del organismo, Cristina Caama\u00f1o y el presidente Alberto Fern\u00e1ndez<\/strong><\/em><\/p>\n<p>&nbsp;<\/p>\n<p>&nbsp;<\/p>\n<p>La Agencia Federal de Inteligencia (AFI) destinar\u00e1 al Ministerio de Salud $88.627.836 correspondientes a fondos reservados de organismo para contribuir en la lucha contra el coronavirus en todo el pa\u00eds.<\/p>\n<p>En una reuni\u00f3n realizada esta tarde en la Residencia de Olivos, la interventora, Cristina Caama\u00f1o, le propuso al presidente de la Naci\u00f3n, Alberto Fern\u00e1ndez, la reasignaci\u00f3n de excedentes presupuestarios previstos para la AFI en el presupuesto anterior del organismo, todav\u00eda vigente.<\/p>\n<p>Se acord\u00f3 que los fondos que no fueron utilizados durante los meses de enero, febrero y marzo ser\u00e1n destinados al Ministerio de Salud de la Naci\u00f3n, para fortalecer la estrategia contra el Covid-19.<\/p>\n<p>El dinero formaba parte de los fondos reservados asignados a la AFI durante la gesti\u00f3n anterior -dado que a\u00fan no se cuenta con la nueva Ley de Presupuesto- y que eran utilizados de forma discrecional y sin los mecanismos de control previstos por la Ley de Administraci\u00f3n Financiera.<\/p>\n<p>La resoluci\u00f3n indica que dada \u201cla situaci\u00f3n actual de la pandemia mundial por la que se encuentra atravesando nuestro pa\u00eds, es que en el marco de lo establecido en el art\u00edculo 39 de la Ley N\u00b024.156 de Administraci\u00f3n Financiera y de los Sistemas de Control del Sector P\u00fablico Nacional, en caso de considerarlo conveniente\u201d los fondos \u201cse ponen a disposici\u00f3n del Estado Nacional para atender la emergencia sanitaria imperante\u201d.<\/p>\n","protected":false},"excerpt":{"rendered":"<p>As\u00ed lo acordaron en Olivos la interventora del organismo, Cristina Caama\u00f1o y el presidente Alberto Fern\u00e1ndez &nbsp; &nbsp; La Agencia Federal de Inteligencia (AFI) destinar\u00e1 al Ministerio de Salud $88.627.836 correspondientes a fondos reservados de organismo para contribuir en la lucha contra el coronavirus en todo el pa\u00eds. En una reuni\u00f3n realizada esta tarde en la Residencia de Olivos, la interventora, Cristina Caama\u00f1o, le propuso al presidente de la Naci\u00f3n, Alberto Fern\u00e1ndez, la reasignaci\u00f3n de excedentes presupuestarios previstos para la AFI en el presupuesto anterior del organismo, todav\u00eda vigente. Se&#8230;<\/p>\n","protected":false},"author":3,"featured_media":58651,"comment_status":"closed","ping_status":"closed","sticky":false,"template":"","format":"standard","meta":[],"categories":[18],"tags":[],"_links":{"self":[{"href":"https:\/\/www.actualidadadiario.com\/index.php\/wp-json\/wp\/v2\/posts\/59918"}],"collection":[{"href":"https:\/\/www.actualidadadiario.com\/index.php\/wp-json\/wp\/v2\/posts"}],"about":[{"href":"https:\/\/www.actualidadadiario.com\/index.php\/wp-json\/wp\/v2\/types\/post"}],"author":[{"embeddable":true,"href":"https:\/\/www.actualidadadiario.com\/index.php\/wp-json\/wp\/v2\/users\/3"}],"replies":[{"embeddable":true,"href":"https:\/\/www.actualidadadiario.com\/index.php\/wp-json\/wp\/v2\/comments?post=59918"}],"version-history":[{"count":1,"href":"https:\/\/www.actualidadadiario.com\/index.php\/wp-json\/wp\/v2\/posts\/59918\/revisions"}],"predecessor-version":[{"id":59919,"href":"https:\/\/www.actualidadadiario.com\/index.php\/wp-json\/wp\/v2\/posts\/59918\/revisions\/59919"}],"wp:featuredmedia":[{"embeddable":true,"href":"https:\/\/www.actualidadadiario.com\/index.php\/wp-json\/wp\/v2\/media\/58651"}],"wp:attachment":[{"href":"https:\/\/www.actualidadadiario.com\/index.php\/wp-json\/wp\/v2\/media?parent=59918"}],"wp:term":[{"taxonomy":"category","embeddable":true,"href":"https:\/\/www.actualidadadiario.com\/index.php\/wp-json\/wp\/v2\/categories?post=59918"},{"taxonomy":"post_tag","embeddable":true,"href":"https:\/\/www.actualidadadiario.com\/index.php\/wp-json\/wp\/v2\/tags?post=59918"}],"curies":[{"name":"wp","href":"https:\/\/api.w.org\/{rel}","templated":true}]}}