{"id":59910,"date":"2020-04-03T12:59:04","date_gmt":"2020-04-03T15:59:04","guid":{"rendered":"https:\/\/www.actualidadadiario.com\/?p=59910"},"modified":"2020-04-03T12:59:04","modified_gmt":"2020-04-03T15:59:04","slug":"acordaron-el-congelamiento-de-los-aranceles-en-la-ensenanza-privada","status":"publish","type":"post","link":"https:\/\/www.actualidadadiario.com\/index.php\/2020\/04\/03\/acordaron-el-congelamiento-de-los-aranceles-en-la-ensenanza-privada\/","title":{"rendered":"Acordaron el congelamiento de los aranceles en la ense\u00f1anza privada"},"content":{"rendered":"<p style=\"text-align: center;\"><em><strong>La iniciativa surgi\u00f3 de la negociaci\u00f3n que estaba manteniendo el Ministerio de Educaci\u00f3n con los representantes de las escuelas privadas para paliar los efectos de la pandemia sobre la econom\u00eda<\/strong><\/em><\/p>\n<p>&nbsp;<\/p>\n<p>&nbsp;<\/p>\n<p>Las cuotas de los colegios privados quedar\u00e1n congeladas, seg\u00fan el punto saliente de un acuerdo al que llegaron hoy la Naci\u00f3n, las provincias y la Ciudad de Buenos Aires con las asociaciones que agrupan a las instituciones de ense\u00f1anza privada.<\/p>\n<p>La informaci\u00f3n fue difundida por fuentes del Ministerio de Educaci\u00f3n, luego de una serie de reuniones y contactos mantenidos en el marco de la prevista merma de ingresos de m\u00faltiples familias a causa de las restricciones forzadas por la pandemia de coronavirus.<\/p>\n<p>Los informantes dijeron que el acuerdo consta de nueve puntos, entre los cuales figura tambi\u00e9n el diferimiento del pago de un porcentaje de esos aranceles.<\/p>\n<p>El acuerdo fue firmado esta tarde por el ministro Nicol\u00e1s Trotta; y por los titulares de las carteras de Educaci\u00f3n de las 24 jurisdicciones en nombre del Consejo Federal de Educaci\u00f3n.<\/p>\n<p>Por el \u00e1mbito de la ense\u00f1anza privada suscribieron Rodolfo de Vincenzi, por la Confederaci\u00f3n de Asociaciones de Colegios Privados (CAIEP); Norberto Baloira, por Junta Coordinadora de Asociaciones de la Ense\u00f1anza Privada de la Rep\u00fablica Argentina (COORDIEP); Jos\u00e9 \u00c1lvarez, por el Consejo Superior de Educaci\u00f3n Cat\u00f3lica (CONSUDEC) y Mart\u00edn Zurita, por la Asociaci\u00f3n de Colegios Privados de la Provincia de Buenos Aires (AIEPBA\/JUNEP).<\/p>\n<p>Seg\u00fan el Ministerio nacional, &#8220;la realidad de cada una de las 24 jurisdicciones, y dentro de cada una de ellas la de las escuelas de gesti\u00f3n privada y su comunidad educativa, es diferente, presenta particularidades y demanda enfoques diferenciados para atender las necesidades de las familias, de los docentes y no docentes, y de las propias instituciones&#8221;.<\/p>\n<p>As\u00ed, &#8220;coincidiendo en los principios de solidaridad, compromiso, sensibilidad responsabilidad y esfuerzo compartido, se alcanzaron los siguientes acuerdos entre la Naci\u00f3n, los estados provinciales, la CABA, y las asociaciones que nuclean a las instituciones de ense\u00f1anza privada&#8221;, que se detallan a continuaci\u00f3n:<\/p>\n<p>&nbsp;<\/p>\n<p><strong>El detalle del acuerdo:<\/strong><\/p>\n<p>&#8211; Preservar las fuentes de trabajo de los docentes, no docentes, auxiliares y personal directivo de las escuelas de gesti\u00f3n privada, asegurar el pago de los salarios, garantizar el derecho a la educaci\u00f3n y adecuar las condiciones de trabajo remoto, en caso de que fuera necesario, para preservar la salud de trabajadores\/as y estudiantes.<\/p>\n<p>&nbsp;<\/p>\n<p>&#8211; Congelar el valor de los aranceles hasta que concluyan las medidas de aislamiento social y preventivo obligatorio; y retrotraer los aumentos que se hubieren producido con posterioridad a la entrada en vigor del Decreto N\u00b0 260\/2020.<\/p>\n<p>&nbsp;<\/p>\n<p>&#8211; Suspender la facturaci\u00f3n o aplicar descuentos en los accesorios al arancel que respondan a servicios directos interrumpidos (ej. comedor) u otros servicios extra escolares.<\/p>\n<p>&nbsp;<\/p>\n<p>&#8211; Diferir a solicitud de las familias el pago de un porcentaje del total del arancel, facturado para meses subsiguientes en favor de quienes no puedan afrontarlo, tomando como m\u00e1xima referencia las necesidades para garantizar el pago de sueldos, cargas sociales y gastos ineludibles para el sostenimiento del Plan de Continuidad Pedag\u00f3gica.<\/p>\n<p>&nbsp;<\/p>\n<p>&#8211; Flexibilizar, reprogramar o extender las fechas de los vencimientos de pago de cuotas o aranceles, restringir los recargos financieros por mora en el pago (intereses) y suprimir las multas y otras penalidades o accesorias durante un plazo no menor al del aislamiento social y preventivo obligatorio.<\/p>\n<p>&nbsp;<\/p>\n<p>&#8211; Abstenerse de aplicar medida restrictiva alguna al acceso a las herramientas de aprendizaje por cuestiones vinculadas al pago de los aranceles.<\/p>\n<p>&nbsp;<\/p>\n<p>&#8211; Atender situaciones familiares especiales, con la posibilidad de otorgar becas y ayudas transitorias conforme a la realidad de las familias y de cada instituci\u00f3n.<\/p>\n<p>&nbsp;<\/p>\n<p>&#8211; Analizar la estructura de costos y los ahorros posibles sosteniendo las erogaciones esenciales, a fin de disponer, cuando ello sea posible, un descuento en los aranceles; manteniendo la remisi\u00f3n de informaci\u00f3n conforme a la normativa aplicable.<\/p>\n<p>&nbsp;<\/p>\n<p>&#8211; Implementar estas medidas durante el aislamiento social preventivo y obligatorio y, una vez concluido, por un plazo id\u00e9ntico al transcurrido en tal situaci\u00f3n.<\/p>\n<p>&nbsp;<\/p>\n<p>&#8220;El Gobierno Nacional y los gobiernos provinciales y de la Ciudad Aut\u00f3noma de Buenos Aires ratifican que continuar\u00e1n adoptando medidas que acompa\u00f1en en la crisis al sector, tales como las de car\u00e1cter general ya dispuestas, y otras de impacto directo en el sector educativo de gesti\u00f3n privada&#8221;, agreg\u00f3 la cartera educativa.<\/p>\n<p>&#8220;En tal sentido el Decreto P.E.N. N\u00b0 332\/2020 y la Comunicaci\u00f3n \u201cA\u201d 6948 del B.C.R.A. con relaci\u00f3n a la reducci\u00f3n del pago de contribuciones previsionales e impuesto a los cr\u00e9ditos y d\u00e9bitos; pago de FONID y suma extraordinaria a las y los docentes; o facilidades para acceder a cr\u00e9ditos; entre otros que pudieran implementarse conforme a la evoluci\u00f3n de la pandemia&#8221;, agreg\u00f3 la informaci\u00f3n oficial emitida esta tarde.<\/p>\n<p>De Vincenzi hab\u00eda asegurado hoy que &#8220;las instituciones tienen un porcentaje del arancel cuyo pago puede ser diferido a meses subsiguientes&#8221;, y que eso pod\u00eda ser &#8220;una posible soluci\u00f3n&#8221;.<\/p>\n<p>Tambi\u00e9n record\u00f3 que el mi\u00e9rcoles, &#8220;hubo una reuni\u00f3n entre el ministro de Educaci\u00f3n y las asociaciones que representamos a los colegios privados a nivel nacional. Le manifestamos nuestro apoyo a las medidas que viene tomando el Gobierno nacional de cara a la pandemia y despu\u00e9s nos metimos de lleno a tratar el impacto econ\u00f3mico que tiene sobre la comunidad educativa a la que nosotros representamos, de m\u00e1s de 17.000 escuelas en el pa\u00eds&#8221;.<\/p>\n","protected":false},"excerpt":{"rendered":"<p>La iniciativa surgi\u00f3 de la negociaci\u00f3n que estaba manteniendo el Ministerio de Educaci\u00f3n con los representantes de las escuelas privadas para paliar los efectos de la pandemia sobre la econom\u00eda &nbsp; &nbsp; Las cuotas de los colegios privados quedar\u00e1n congeladas, seg\u00fan el punto saliente de un acuerdo al que llegaron hoy la Naci\u00f3n, las provincias y la Ciudad de Buenos Aires con las asociaciones que agrupan a las instituciones de ense\u00f1anza privada. La informaci\u00f3n fue difundida por fuentes del Ministerio de Educaci\u00f3n, luego de una serie de reuniones y contactos&#8230;<\/p>\n","protected":false},"author":3,"featured_media":59911,"comment_status":"closed","ping_status":"closed","sticky":false,"template":"","format":"standard","meta":[],"categories":[2],"tags":[],"_links":{"self":[{"href":"https:\/\/www.actualidadadiario.com\/index.php\/wp-json\/wp\/v2\/posts\/59910"}],"collection":[{"href":"https:\/\/www.actualidadadiario.com\/index.php\/wp-json\/wp\/v2\/posts"}],"about":[{"href":"https:\/\/www.actualidadadiario.com\/index.php\/wp-json\/wp\/v2\/types\/post"}],"author":[{"embeddable":true,"href":"https:\/\/www.actualidadadiario.com\/index.php\/wp-json\/wp\/v2\/users\/3"}],"replies":[{"embeddable":true,"href":"https:\/\/www.actualidadadiario.com\/index.php\/wp-json\/wp\/v2\/comments?post=59910"}],"version-history":[{"count":1,"href":"https:\/\/www.actualidadadiario.com\/index.php\/wp-json\/wp\/v2\/posts\/59910\/revisions"}],"predecessor-version":[{"id":59912,"href":"https:\/\/www.actualidadadiario.com\/index.php\/wp-json\/wp\/v2\/posts\/59910\/revisions\/59912"}],"wp:featuredmedia":[{"embeddable":true,"href":"https:\/\/www.actualidadadiario.com\/index.php\/wp-json\/wp\/v2\/media\/59911"}],"wp:attachment":[{"href":"https:\/\/www.actualidadadiario.com\/index.php\/wp-json\/wp\/v2\/media?parent=59910"}],"wp:term":[{"taxonomy":"category","embeddable":true,"href":"https:\/\/www.actualidadadiario.com\/index.php\/wp-json\/wp\/v2\/categories?post=59910"},{"taxonomy":"post_tag","embeddable":true,"href":"https:\/\/www.actualidadadiario.com\/index.php\/wp-json\/wp\/v2\/tags?post=59910"}],"curies":[{"name":"wp","href":"https:\/\/api.w.org\/{rel}","templated":true}]}}