{"id":59907,"date":"2020-04-03T12:55:14","date_gmt":"2020-04-03T15:55:14","guid":{"rendered":"https:\/\/www.actualidadadiario.com\/?p=59907"},"modified":"2020-04-03T12:55:14","modified_gmt":"2020-04-03T15:55:14","slug":"productores-citricolas-advirtieron-que-podrian-frenar-la-cosecha-en-el-norte","status":"publish","type":"post","link":"https:\/\/www.actualidadadiario.com\/index.php\/2020\/04\/03\/productores-citricolas-advirtieron-que-podrian-frenar-la-cosecha-en-el-norte\/","title":{"rendered":"Productores citr\u00edcolas advirtieron que podr\u00edan frenar la cosecha en el norte"},"content":{"rendered":"<p style=\"text-align: center;\"><em><strong>Productores citr\u00edcolas del norte argentino advirtieron que podr\u00edan &#8220;suspender la cosecha&#8221; a causa de las restricciones al tr\u00e1nsito dispuestas por municipios locales, lo cual perjudica el desenvolvimiento de la actividad<\/strong><\/em><\/p>\n<p>&nbsp;<\/p>\n<p>En un comunicado, la Federaci\u00f3n Argentina del Citrus (Federcitrus) indic\u00f3 que en el contexto del &#8220;inicio de la temporada de cosecha y de exportaci\u00f3n de frutas c\u00edtricas frescas&#8221;, el sector empresario se encuentra con &#8220;numerosas trabas imprevisibles y entendemos no justificadas&#8221; que de mantenerse podr\u00eda llevar a &#8220;suspender la cosecha&#8221;.<\/p>\n<p>Desde la entidad entienden que esta situaci\u00f3n &#8220;no responden a la pol\u00edtica general del Gobierno nacional al respecto&#8221;, al tiempo que se\u00f1alaron que estas decisiones son &#8220;tomadas por parte de intendentes y alg\u00fan gobernador que ha tomado medidas que restringen el tr\u00e1nsito de personal esencial, de maquinaria y de la cosecha&#8221;.<\/p>\n<p>Tras declararse el aislamiento social obligatorio desde el 20 de marzo hasta el 12 de abril para prevenir la propagaci\u00f3n de la pandemia de coronavirus en territorio nacional por parte del presidente Alberto Fern\u00e1ndez, la actividad agropecuaria, del transporte de cargas y relacionadas al comercio exterior, fueron exceptuadas de la cuarentena. A pesar de esto, algunos municipios llevaron adelante restricciones al transporte de mercanc\u00edas y personal para la realizaci\u00f3n de labores, seg\u00fan denunciaron entidades empresarias ligadas al sector agropecuario y de la exportaci\u00f3n.<\/p>\n<p>Por tal motivo, desde Federcitrus solicitaron al Gobierno nacional que &#8220;se arbitren de inmediato los medios para que se regularice esta situaci\u00f3n, pues de lo contrario deberemos suspender la cosecha, empaque e industrializaci\u00f3n de frutas c\u00edtricas y la paralizaci\u00f3n de las exportaciones&#8221;.<\/p>\n","protected":false},"excerpt":{"rendered":"<p>Productores citr\u00edcolas del norte argentino advirtieron que podr\u00edan &#8220;suspender la cosecha&#8221; a causa de las restricciones al tr\u00e1nsito dispuestas por municipios locales, lo cual perjudica el desenvolvimiento de la actividad &nbsp; En un comunicado, la Federaci\u00f3n Argentina del Citrus (Federcitrus) indic\u00f3 que en el contexto del &#8220;inicio de la temporada de cosecha y de exportaci\u00f3n de frutas c\u00edtricas frescas&#8221;, el sector empresario se encuentra con &#8220;numerosas trabas imprevisibles y entendemos no justificadas&#8221; que de mantenerse podr\u00eda llevar a &#8220;suspender la cosecha&#8221;. Desde la entidad entienden que esta situaci\u00f3n &#8220;no responden&#8230;<\/p>\n","protected":false},"author":3,"featured_media":59908,"comment_status":"closed","ping_status":"closed","sticky":false,"template":"","format":"standard","meta":[],"categories":[2],"tags":[],"_links":{"self":[{"href":"https:\/\/www.actualidadadiario.com\/index.php\/wp-json\/wp\/v2\/posts\/59907"}],"collection":[{"href":"https:\/\/www.actualidadadiario.com\/index.php\/wp-json\/wp\/v2\/posts"}],"about":[{"href":"https:\/\/www.actualidadadiario.com\/index.php\/wp-json\/wp\/v2\/types\/post"}],"author":[{"embeddable":true,"href":"https:\/\/www.actualidadadiario.com\/index.php\/wp-json\/wp\/v2\/users\/3"}],"replies":[{"embeddable":true,"href":"https:\/\/www.actualidadadiario.com\/index.php\/wp-json\/wp\/v2\/comments?post=59907"}],"version-history":[{"count":1,"href":"https:\/\/www.actualidadadiario.com\/index.php\/wp-json\/wp\/v2\/posts\/59907\/revisions"}],"predecessor-version":[{"id":59909,"href":"https:\/\/www.actualidadadiario.com\/index.php\/wp-json\/wp\/v2\/posts\/59907\/revisions\/59909"}],"wp:featuredmedia":[{"embeddable":true,"href":"https:\/\/www.actualidadadiario.com\/index.php\/wp-json\/wp\/v2\/media\/59908"}],"wp:attachment":[{"href":"https:\/\/www.actualidadadiario.com\/index.php\/wp-json\/wp\/v2\/media?parent=59907"}],"wp:term":[{"taxonomy":"category","embeddable":true,"href":"https:\/\/www.actualidadadiario.com\/index.php\/wp-json\/wp\/v2\/categories?post=59907"},{"taxonomy":"post_tag","embeddable":true,"href":"https:\/\/www.actualidadadiario.com\/index.php\/wp-json\/wp\/v2\/tags?post=59907"}],"curies":[{"name":"wp","href":"https:\/\/api.w.org\/{rel}","templated":true}]}}