{"id":59904,"date":"2020-04-03T12:54:29","date_gmt":"2020-04-03T15:54:29","guid":{"rendered":"https:\/\/www.actualidadadiario.com\/?p=59904"},"modified":"2020-04-03T12:54:29","modified_gmt":"2020-04-03T15:54:29","slug":"pese-a-los-precios-maximos-la-cuarentena-volvio-a-acelerar-la-inflacion-en-marzo","status":"publish","type":"post","link":"https:\/\/www.actualidadadiario.com\/index.php\/2020\/04\/03\/pese-a-los-precios-maximos-la-cuarentena-volvio-a-acelerar-la-inflacion-en-marzo\/","title":{"rendered":"Pese a los precios m\u00e1ximos, la cuarentena volvi\u00f3 a acelerar la inflaci\u00f3n en marzo"},"content":{"rendered":"<p style=\"text-align: center;\"><em><strong>Consultoras privadas estiman que el promedio de subas fue de entre 2,3 y 3,6 por ciento<\/strong><\/em><\/p>\n<p>&nbsp;<\/p>\n<p>&nbsp;<\/p>\n<p>Un informe de la Administraci\u00f3n Federal de Ingresos P\u00fablicos (AFIP) confirm\u00f3 que lo que resultaba evidente, la recaudaci\u00f3n de marzo se desplom\u00f3 por la cuarentena. El avance obtenido fue de 35,3% interanual, mientras que la suba de precios fue de cerca de 50% en ese periodo. Este hecho impact\u00f3 en la inflaci\u00f3n, que dej\u00f3 atr\u00e1s el proceso de desaceleraci\u00f3n que hab\u00eda iniciado en los \u00faltimos meses. Para las consultoras, este \u00edndice oscil\u00f3 el mes pasado entre 2,3 y 3,6 puntos porcentuales.<\/p>\n<p>El primer trimestre de 2020 sumergi\u00f3 a la Argentina en una situaci\u00f3n inusual. A medida que fue avanzando el brote de coronavirus, el impacto en la econom\u00eda fue haci\u00e9ndose cada vez m\u00e1s evidente. El inicio de la cuarentena fue el hecho que acabo por despejar dudas respecto del impacto de la pandemia en los bolsillos. En este sentido, se observ\u00f3 c\u00f3mo las limitaciones a la circulaci\u00f3n y la falta o escasez de recaudaci\u00f3n de algunas empresas se vieron reflejadas en las g\u00f3ndolas.<\/p>\n<p>Seg\u00fan el Instituto Nacional de Estad\u00edstica y Censos (INDEC), la inflaci\u00f3n de diciembre fue de 3,7%. Tras el cambio de Gobierno y de a\u00f1o, enero logr\u00f3 una rebaja y llev\u00f3 al \u00edndice de precios al consumidor (IPC) a 2,3%. La tendencia bajista no se detuvo all\u00ed, ya que febrero cerr\u00f3 con el indicador posicionado en 2%. El proceso de desaceleraci\u00f3n tuvo su punto de quiebre en este at\u00edpico marzo, condicionado por el inicio de la cuarentena.<\/p>\n<p>De acuerdo con la consultora Elypsis, los precios aumentaron el mes pasado 2,3% con respecto a febrero. \u201cLa aceleraci\u00f3n estuvo explicada por productos estacionales como verduras, carnes o az\u00facar\u201d, se\u00f1al\u00f3. La instituci\u00f3n explic\u00f3 al respecto que las \u201crestricciones de oferta o desabastecimiento\u201d fueron las responsables de estos incrementos. Ambos condicionantes surgieron tras el inicio del aislamiento preventivo.<\/p>\n<p>OJF y Asociados, por su parte, estim\u00f3 que el \u00edndice inflacionario registr\u00f3 en marzo un aumento de 3,6% a nivel mensual y de 52,5% a nivel interanual. Adem\u00e1s, calcul\u00f3 que \u201cel \u00edndice de precios acumul\u00f3 una suba de 8,8% en los primeros tres meses del a\u00f1o\u201d. Por otra parte, se\u00f1al\u00f3 que \u201cla inflaci\u00f3n n\u00facleo avanz\u00f3 a un ritmo mensual de 2,6%, marcando un aumento del 52,2% anual\u201d.<\/p>\n<p>La secretaria de Comercio Interior, Paula Espa\u00f1ol, explic\u00f3 qu\u00e9 ocurri\u00f3 a nivel precios en el \u00faltimo tiempo. \u201cEn enero hubo un incremento (de la inflaci\u00f3n) por el regreso del IVA, pero hab\u00eda un esquema de desaceleraci\u00f3n importante. El problema es que desde marzo hay un desorden total. No se puede analizar la trayectoria\u201d, sostuvo en una entrevista para FM Futurock. El Gobierno intent\u00f3 controlar este caos que describi\u00f3 la funcionaria con la implementaci\u00f3n de precios m\u00e1ximos, aunque sus propios sondeos demostraron que muchos comercios no los est\u00e1n acatando.<\/p>\n","protected":false},"excerpt":{"rendered":"<p>Consultoras privadas estiman que el promedio de subas fue de entre 2,3 y 3,6 por ciento &nbsp; &nbsp; Un informe de la Administraci\u00f3n Federal de Ingresos P\u00fablicos (AFIP) confirm\u00f3 que lo que resultaba evidente, la recaudaci\u00f3n de marzo se desplom\u00f3 por la cuarentena. El avance obtenido fue de 35,3% interanual, mientras que la suba de precios fue de cerca de 50% en ese periodo. Este hecho impact\u00f3 en la inflaci\u00f3n, que dej\u00f3 atr\u00e1s el proceso de desaceleraci\u00f3n que hab\u00eda iniciado en los \u00faltimos meses. Para las consultoras, este \u00edndice oscil\u00f3&#8230;<\/p>\n","protected":false},"author":3,"featured_media":59905,"comment_status":"closed","ping_status":"closed","sticky":false,"template":"","format":"standard","meta":[],"categories":[2],"tags":[],"_links":{"self":[{"href":"https:\/\/www.actualidadadiario.com\/index.php\/wp-json\/wp\/v2\/posts\/59904"}],"collection":[{"href":"https:\/\/www.actualidadadiario.com\/index.php\/wp-json\/wp\/v2\/posts"}],"about":[{"href":"https:\/\/www.actualidadadiario.com\/index.php\/wp-json\/wp\/v2\/types\/post"}],"author":[{"embeddable":true,"href":"https:\/\/www.actualidadadiario.com\/index.php\/wp-json\/wp\/v2\/users\/3"}],"replies":[{"embeddable":true,"href":"https:\/\/www.actualidadadiario.com\/index.php\/wp-json\/wp\/v2\/comments?post=59904"}],"version-history":[{"count":1,"href":"https:\/\/www.actualidadadiario.com\/index.php\/wp-json\/wp\/v2\/posts\/59904\/revisions"}],"predecessor-version":[{"id":59906,"href":"https:\/\/www.actualidadadiario.com\/index.php\/wp-json\/wp\/v2\/posts\/59904\/revisions\/59906"}],"wp:featuredmedia":[{"embeddable":true,"href":"https:\/\/www.actualidadadiario.com\/index.php\/wp-json\/wp\/v2\/media\/59905"}],"wp:attachment":[{"href":"https:\/\/www.actualidadadiario.com\/index.php\/wp-json\/wp\/v2\/media?parent=59904"}],"wp:term":[{"taxonomy":"category","embeddable":true,"href":"https:\/\/www.actualidadadiario.com\/index.php\/wp-json\/wp\/v2\/categories?post=59904"},{"taxonomy":"post_tag","embeddable":true,"href":"https:\/\/www.actualidadadiario.com\/index.php\/wp-json\/wp\/v2\/tags?post=59904"}],"curies":[{"name":"wp","href":"https:\/\/api.w.org\/{rel}","templated":true}]}}