{"id":59899,"date":"2020-04-03T12:52:53","date_gmt":"2020-04-03T15:52:53","guid":{"rendered":"https:\/\/www.actualidadadiario.com\/?p=59899"},"modified":"2020-04-03T12:52:53","modified_gmt":"2020-04-03T15:52:53","slug":"continua-creciendo-la-aprobacion-de-la-imagen-presidencial-en-el-marco-de-la-pandemia","status":"publish","type":"post","link":"https:\/\/www.actualidadadiario.com\/index.php\/2020\/04\/03\/continua-creciendo-la-aprobacion-de-la-imagen-presidencial-en-el-marco-de-la-pandemia\/","title":{"rendered":"Contin\u00faa creciendo la aprobaci\u00f3n de la imagen presidencial en el marco de la pandemia"},"content":{"rendered":"<p style=\"text-align: center;\"><em><strong>Varios relevamientos realizados en los \u00faltimos d\u00edas muestran un apoyo a las decisiones del Jefe de Estado en el marco de la expansi\u00f3n del coronavirus<\/strong><\/em><\/p>\n<p>&nbsp;<\/p>\n<p>&nbsp;<\/p>\n<p>En el marco del avance del coronavirus a nivel local, el Gobierno implement\u00f3 una serie de medidas para mitigar el impacto de la pandemia en la econom\u00eda, que fueron respaldadas por la mayor parte de la poblaci\u00f3n, seg\u00fan diversos relevamientos. Pero a la par de la aprobaci\u00f3n de la gesti\u00f3n, creci\u00f3 la valoraci\u00f3n positiva de la imagen del presidente, Alberto Fern\u00e1ndez.<\/p>\n<p>El Jefe de Estado, quien increment\u00f3 su presencia en los medios de comunicaci\u00f3n y en las redes sociales desde que comenz\u00f3 la propagaci\u00f3n del virus a nivel local, ofici\u00f3 de Presidente y de vocero al mismo tiempo, pidiendo el cumplimiento del aislamiento obligatorio y a la vez, supervis\u00e1ndolo en primera persona. Y la estrategia parece haberle funcionado.<\/p>\n<p>Seg\u00fan un estudio de la consultora Zuban, C\u00f3rdoba y Asociados, realizado a trav\u00e9s de una plataforma online, el 97% de los consultados aprueban total o parcialmente la gesti\u00f3n del presidente Alberto Fern\u00e1ndez con respecto a la pandemia de coronavirus. Los que la aprueban de manera total son el 80,7% de los usuarios de redes; el 16,3 la aprueba algo; el 1,3% la desaprueba algo y el 0,9% la desaprueba totalmente.<\/p>\n<p>Las cifras cobran especial relevancia si se tiene en cuenta que, del total de encuestados, el 54% sostuvo que el impacto del aislamiento en su econom\u00eda personal lo afect\u00f3 \u201cMucho\u201d, y el 29%, \u201cAlgo\u201d.<\/p>\n<p>Respecto a las medidas econ\u00f3micas anunciado por el Gobierno para paliar los efectos de la pandemia, el 48,2% las considera muy suficientes; el 38% algo suficientes; el 7,5% algo insuficientes y el 3,6% las califica como insuficientes.<\/p>\n<p>Para Managment &amp; Fit, iniciadas las medidas de prevenci\u00f3n ante la crisis sanitaria, el \u00edndice de aprobaci\u00f3n de gesti\u00f3n \u201cviene acompa\u00f1ando positivamente los anuncios y acciones tomadas por parte del gobierno nacional\u201d. Eso explica para la consultora el salto hasta los 55.4 puntos en la semana del 23 de marzo; una variaci\u00f3n de 11 puntos en solo 15 d\u00edas.<\/p>\n<p>En la serie hist\u00f3rica que realiza M&amp;F, se observa que el inicio de la gesti\u00f3n de Fern\u00e1ndez se dio en los 38.6 puntos (semana de toma de mando) y r\u00e1pidamente escal\u00f3 hasta los 48.3 a mediados de diciembre. Su pico m\u00e1ximo -hasta esta \u00faltima semana- hab\u00eda sido a fines de 2019 cuando alcanz\u00f3 los 53.5 puntos. A partir de ese momento y hasta el desencadenamiento de la crisis de Covid-19 (mediados de marzo), la aprobaci\u00f3n de gesti\u00f3n de gesti\u00f3n cay\u00f3 casi diez puntos hasta alcanzar los 44.4 puntos en la semana del 9 de marzo de 2020.<\/p>\n<p>Otro de los relevamientos que coinciden en un crecimiento del apoyo a la gesti\u00f3n presidencial es el de Analog\u00edas. Seg\u00fan la consultora, la imagen positiva de Alberto Fern\u00e1ndez lleg\u00f3 a 93,8% y la negativa se ubic\u00f3 en 4,8% mientras que 1,4% no sabe o no contesta.<\/p>\n<p>Asimismo, la adhesi\u00f3n a la gesti\u00f3n presidencial y las medidas adoptadas durante la expansi\u00f3n del Covid-19 reflejaron que 72,7% se expres\u00f3 a favor de extender el aislamiento obligatorio despu\u00e9s del 31 de marzo mientras que s\u00f3lo 10,4% est\u00e1 en contra y 16,9 no sabe.<\/p>\n","protected":false},"excerpt":{"rendered":"<p>Varios relevamientos realizados en los \u00faltimos d\u00edas muestran un apoyo a las decisiones del Jefe de Estado en el marco de la expansi\u00f3n del coronavirus &nbsp; &nbsp; En el marco del avance del coronavirus a nivel local, el Gobierno implement\u00f3 una serie de medidas para mitigar el impacto de la pandemia en la econom\u00eda, que fueron respaldadas por la mayor parte de la poblaci\u00f3n, seg\u00fan diversos relevamientos. Pero a la par de la aprobaci\u00f3n de la gesti\u00f3n, creci\u00f3 la valoraci\u00f3n positiva de la imagen del presidente, Alberto Fern\u00e1ndez. El Jefe&#8230;<\/p>\n","protected":false},"author":3,"featured_media":58714,"comment_status":"closed","ping_status":"closed","sticky":false,"template":"","format":"standard","meta":[],"categories":[9],"tags":[],"_links":{"self":[{"href":"https:\/\/www.actualidadadiario.com\/index.php\/wp-json\/wp\/v2\/posts\/59899"}],"collection":[{"href":"https:\/\/www.actualidadadiario.com\/index.php\/wp-json\/wp\/v2\/posts"}],"about":[{"href":"https:\/\/www.actualidadadiario.com\/index.php\/wp-json\/wp\/v2\/types\/post"}],"author":[{"embeddable":true,"href":"https:\/\/www.actualidadadiario.com\/index.php\/wp-json\/wp\/v2\/users\/3"}],"replies":[{"embeddable":true,"href":"https:\/\/www.actualidadadiario.com\/index.php\/wp-json\/wp\/v2\/comments?post=59899"}],"version-history":[{"count":1,"href":"https:\/\/www.actualidadadiario.com\/index.php\/wp-json\/wp\/v2\/posts\/59899\/revisions"}],"predecessor-version":[{"id":59900,"href":"https:\/\/www.actualidadadiario.com\/index.php\/wp-json\/wp\/v2\/posts\/59899\/revisions\/59900"}],"wp:featuredmedia":[{"embeddable":true,"href":"https:\/\/www.actualidadadiario.com\/index.php\/wp-json\/wp\/v2\/media\/58714"}],"wp:attachment":[{"href":"https:\/\/www.actualidadadiario.com\/index.php\/wp-json\/wp\/v2\/media?parent=59899"}],"wp:term":[{"taxonomy":"category","embeddable":true,"href":"https:\/\/www.actualidadadiario.com\/index.php\/wp-json\/wp\/v2\/categories?post=59899"},{"taxonomy":"post_tag","embeddable":true,"href":"https:\/\/www.actualidadadiario.com\/index.php\/wp-json\/wp\/v2\/tags?post=59899"}],"curies":[{"name":"wp","href":"https:\/\/api.w.org\/{rel}","templated":true}]}}