{"id":59896,"date":"2020-04-03T12:52:00","date_gmt":"2020-04-03T15:52:00","guid":{"rendered":"https:\/\/www.actualidadadiario.com\/?p=59896"},"modified":"2020-04-03T12:52:00","modified_gmt":"2020-04-03T15:52:00","slug":"el-gobierno-analiza-acortar-las-vacaciones-de-verano-para-cumplir-el-ciclo-lectivo","status":"publish","type":"post","link":"https:\/\/www.actualidadadiario.com\/index.php\/2020\/04\/03\/el-gobierno-analiza-acortar-las-vacaciones-de-verano-para-cumplir-el-ciclo-lectivo\/","title":{"rendered":"El Gobierno analiza acortar las vacaciones de verano para cumplir el ciclo lectivo"},"content":{"rendered":"<p style=\"text-align: center;\"><em><strong>Trotta admiti\u00f3 que se podr\u00eda correr el calendario y articularlo con el de 2021. Podr\u00eda haber clases en febrero. Vacaciones de invierno y regreso escalonado, en an\u00e1lisis<\/strong><\/em><\/p>\n<p>&nbsp;<\/p>\n<p>&nbsp;<\/p>\n<p>En el Gobierno nacional ya dan por descartado que el pr\u00f3ximo 13 de abril vuelvan las clases en todo el pa\u00eds -algo que s\u00ed podr\u00eda suceder en algunos distritos- y analizan alternativas para cumplir el ciclo lectivo, entre las cuales est\u00e1 acortar las vacaciones de verano.<\/p>\n<p>El ministro de Educaci\u00f3n, Nicol\u00e1s Trotta, afirm\u00f3 este jueves que &#8220;no sabemos todav\u00eda&#8221; cuando se dar\u00e1 el retorno a las aulas pero &#8220;es dif\u00edcil imaginar que vuelvan las clases&#8221; despu\u00e9s del 12 de abril, cuando termina por ahora el confinamiento obligatorio.<\/p>\n<p>Aunque, la idea que impera en el Gobierno es aflojar la cuarentena a partir de ese d\u00eda, no est\u00e1 en los planes que uno de los sitios a reabrir sean las escuelas. De todos modos, no est\u00e1 descartado que s\u00ed puedan volver las clases en algunos distritos.<\/p>\n<p>Se descarta que eso suceda en las provincias m\u00e1s afectadas, como Buenos Aires, la Ciudad, C\u00f3rdoba, Santa Fe, Tierra del Fuego y Chaco. Pero en otros distritos, donde la circulaci\u00f3n del virus es menor, se analizar\u00e1 la semana que viene si est\u00e1n dadas las condiciones para volver a las aulas.<\/p>\n<p>El retorno escalonado es el escenario m\u00e1s pr\u00f3ximo que est\u00e1 en an\u00e1lisis. A mediano plazo, lo que est\u00e1 en carpeta es que suceder\u00e1 con el receso invernal, algo que en muchos distritos ya dan por descontado lo suspender\u00e1n para recuperar d\u00edas de clases.<\/p>\n<p>&#8220;Es prematuro hablar de las vacaciones de invierno porque no tenemos la certeza de cu\u00e1ndo vamos a volver f\u00edsicamente a las clases&#8221;, dijo Trotta a radio La Red. El ministro evit\u00f3 hablar de la suspensi\u00f3n y dej\u00f3 abierta la puerta para que haya &#8220;un respiro&#8221;. &#8220;Veremos qu\u00e9 es lo mejor, quiz\u00e1s unos d\u00edas de vacaciones o trabajar en un calendario con continuidad&#8221;, agreg\u00f3.<\/p>\n<p>Uno de los ejes principales del an\u00e1lisis que sea en el Gobierno nacional (y tambi\u00e9n en las provincias) para cumplir el ciclo lectivo es acortar las vacaciones de verano, para sumar d\u00edas de clases en diciembre y posiblemente en febrero de 2021. Una idea es que el receso sea s\u00f3lo durante la \u00faltima semana de diciembre y enero.<\/p>\n<p>El ministro Trotta admiti\u00f3 que &#8220;puede haber corrimiento del calendario y extenderse el a\u00f1o&#8221;, esto ser\u00eda articular el calendario actual con el de 2021. Esto implicar\u00eda que -de acuerdo a lo que se pierda con la cuarentena- se utilice parte de febrero o marzo del a\u00f1o que viene para recuperar los d\u00edas.<\/p>\n<p>Otra opci\u00f3n que est\u00e1 sobre la mesa es que haya clases los d\u00edas s\u00e1bados una vez que se retome el ciclo lectivo.<\/p>\n<p>Como sea, la Casa Rosada deber\u00e1 articular todas las decisiones con cada gobernador, que son los que tienen la decisi\u00f3n final sobre las clases en sus provincias, y con los gremios docentes, que deber\u00e1n dar el visto bueno. En algunos distritos, como Chubut, las clases no llegaron a comenzar por los reclamos salariales.<\/p>\n","protected":false},"excerpt":{"rendered":"<p>Trotta admiti\u00f3 que se podr\u00eda correr el calendario y articularlo con el de 2021. Podr\u00eda haber clases en febrero. Vacaciones de invierno y regreso escalonado, en an\u00e1lisis &nbsp; &nbsp; En el Gobierno nacional ya dan por descartado que el pr\u00f3ximo 13 de abril vuelvan las clases en todo el pa\u00eds -algo que s\u00ed podr\u00eda suceder en algunos distritos- y analizan alternativas para cumplir el ciclo lectivo, entre las cuales est\u00e1 acortar las vacaciones de verano. El ministro de Educaci\u00f3n, Nicol\u00e1s Trotta, afirm\u00f3 este jueves que &#8220;no sabemos todav\u00eda&#8221; cuando se&#8230;<\/p>\n","protected":false},"author":3,"featured_media":59897,"comment_status":"closed","ping_status":"closed","sticky":false,"template":"","format":"standard","meta":[],"categories":[9],"tags":[],"_links":{"self":[{"href":"https:\/\/www.actualidadadiario.com\/index.php\/wp-json\/wp\/v2\/posts\/59896"}],"collection":[{"href":"https:\/\/www.actualidadadiario.com\/index.php\/wp-json\/wp\/v2\/posts"}],"about":[{"href":"https:\/\/www.actualidadadiario.com\/index.php\/wp-json\/wp\/v2\/types\/post"}],"author":[{"embeddable":true,"href":"https:\/\/www.actualidadadiario.com\/index.php\/wp-json\/wp\/v2\/users\/3"}],"replies":[{"embeddable":true,"href":"https:\/\/www.actualidadadiario.com\/index.php\/wp-json\/wp\/v2\/comments?post=59896"}],"version-history":[{"count":1,"href":"https:\/\/www.actualidadadiario.com\/index.php\/wp-json\/wp\/v2\/posts\/59896\/revisions"}],"predecessor-version":[{"id":59898,"href":"https:\/\/www.actualidadadiario.com\/index.php\/wp-json\/wp\/v2\/posts\/59896\/revisions\/59898"}],"wp:featuredmedia":[{"embeddable":true,"href":"https:\/\/www.actualidadadiario.com\/index.php\/wp-json\/wp\/v2\/media\/59897"}],"wp:attachment":[{"href":"https:\/\/www.actualidadadiario.com\/index.php\/wp-json\/wp\/v2\/media?parent=59896"}],"wp:term":[{"taxonomy":"category","embeddable":true,"href":"https:\/\/www.actualidadadiario.com\/index.php\/wp-json\/wp\/v2\/categories?post=59896"},{"taxonomy":"post_tag","embeddable":true,"href":"https:\/\/www.actualidadadiario.com\/index.php\/wp-json\/wp\/v2\/tags?post=59896"}],"curies":[{"name":"wp","href":"https:\/\/api.w.org\/{rel}","templated":true}]}}