{"id":59891,"date":"2020-04-03T12:50:14","date_gmt":"2020-04-03T15:50:14","guid":{"rendered":"https:\/\/www.actualidadadiario.com\/?p=59891"},"modified":"2020-04-03T12:50:14","modified_gmt":"2020-04-03T15:50:14","slug":"en-tiempos-previos-al-coronavirus-la-pobreza-en-concordia-sobrepaso-el-50-por-ciento","status":"publish","type":"post","link":"https:\/\/www.actualidadadiario.com\/index.php\/2020\/04\/03\/en-tiempos-previos-al-coronavirus-la-pobreza-en-concordia-sobrepaso-el-50-por-ciento\/","title":{"rendered":"En tiempos previos al coronavirus, la pobreza en Concordia sobrepas\u00f3 el 50 por ciento"},"content":{"rendered":"<p style=\"text-align: center;\"><em><strong>De acuerdo a la medici\u00f3n que difundi\u00f3 esta semana el Indec, la pobreza registr\u00f3 un importante aumento en Concordia durante la segunda mitad del a\u00f1o pasado respecto de igual per\u00edodo de 2018, cuando pas\u00f3 del 41,9% al 51,1 %. En el Gran Paran\u00e1 aument\u00f3 del 29,4% al 30%<\/strong><\/em><\/p>\n<p>&nbsp;<\/p>\n<p>El Indec dio a conocer el mi\u00e9rcoles los datos de la pobreza del segundo semestre de 2019, el \u00faltimo de la gesti\u00f3n de Mauricio Macri, los cuales muestran que a nivel nacional esta situaci\u00f3n alcanz\u00f3 al 35,5 por ciento, un aumento de 3,5 puntos porcentuales con relaci\u00f3n al mismo per\u00edodo de 2018.<\/p>\n<p>Entre los 31 aglomerados urbanos que mide el organismo, se encuentra el denominado Gran Paran\u00e1, que contempla a la capital provincial y a las localidades de Oro Verde, San Benito y Colonia Avellaneda. All\u00ed, la pobreza registr\u00f3 un aumento al pasar del 29,4 por ciento en el segundo semestre del 2018 al 30 por ciento seg\u00fan el dato conocido esta semana.<\/p>\n<p>En Concordia en tanto, tambi\u00e9n creci\u00f3 la pobreza y pas\u00f3 del 41,9 por ciento al 51,1 por ciento.<\/p>\n<p>En cuanto a la indigencia, hoy se encuentra en el Gran Paran\u00e1 en el 5,1 por ciento frente al 6,7 que estaba en la \u00faltima medici\u00f3n de 2018. Este concepto creci\u00f3 en Concordia, donde la cifra hoy se ubica en el 11 por ciento frente al 7,6 por ciento que estaba en 2018.<\/p>\n","protected":false},"excerpt":{"rendered":"<p>De acuerdo a la medici\u00f3n que difundi\u00f3 esta semana el Indec, la pobreza registr\u00f3 un importante aumento en Concordia durante la segunda mitad del a\u00f1o pasado respecto de igual per\u00edodo de 2018, cuando pas\u00f3 del 41,9% al 51,1 %. En el Gran Paran\u00e1 aument\u00f3 del 29,4% al 30% &nbsp; El Indec dio a conocer el mi\u00e9rcoles los datos de la pobreza del segundo semestre de 2019, el \u00faltimo de la gesti\u00f3n de Mauricio Macri, los cuales muestran que a nivel nacional esta situaci\u00f3n alcanz\u00f3 al 35,5 por ciento, un aumento&#8230;<\/p>\n","protected":false},"author":3,"featured_media":46119,"comment_status":"closed","ping_status":"closed","sticky":false,"template":"","format":"standard","meta":[],"categories":[15],"tags":[],"_links":{"self":[{"href":"https:\/\/www.actualidadadiario.com\/index.php\/wp-json\/wp\/v2\/posts\/59891"}],"collection":[{"href":"https:\/\/www.actualidadadiario.com\/index.php\/wp-json\/wp\/v2\/posts"}],"about":[{"href":"https:\/\/www.actualidadadiario.com\/index.php\/wp-json\/wp\/v2\/types\/post"}],"author":[{"embeddable":true,"href":"https:\/\/www.actualidadadiario.com\/index.php\/wp-json\/wp\/v2\/users\/3"}],"replies":[{"embeddable":true,"href":"https:\/\/www.actualidadadiario.com\/index.php\/wp-json\/wp\/v2\/comments?post=59891"}],"version-history":[{"count":1,"href":"https:\/\/www.actualidadadiario.com\/index.php\/wp-json\/wp\/v2\/posts\/59891\/revisions"}],"predecessor-version":[{"id":59892,"href":"https:\/\/www.actualidadadiario.com\/index.php\/wp-json\/wp\/v2\/posts\/59891\/revisions\/59892"}],"wp:featuredmedia":[{"embeddable":true,"href":"https:\/\/www.actualidadadiario.com\/index.php\/wp-json\/wp\/v2\/media\/46119"}],"wp:attachment":[{"href":"https:\/\/www.actualidadadiario.com\/index.php\/wp-json\/wp\/v2\/media?parent=59891"}],"wp:term":[{"taxonomy":"category","embeddable":true,"href":"https:\/\/www.actualidadadiario.com\/index.php\/wp-json\/wp\/v2\/categories?post=59891"},{"taxonomy":"post_tag","embeddable":true,"href":"https:\/\/www.actualidadadiario.com\/index.php\/wp-json\/wp\/v2\/tags?post=59891"}],"curies":[{"name":"wp","href":"https:\/\/api.w.org\/{rel}","templated":true}]}}