{"id":59885,"date":"2020-04-03T12:48:42","date_gmt":"2020-04-03T15:48:42","guid":{"rendered":"https:\/\/www.actualidadadiario.com\/?p=59885"},"modified":"2020-04-03T12:48:42","modified_gmt":"2020-04-03T15:48:42","slug":"se-confirmaron-dos-nuevos-casos-de-coronavirus-en-entre-rios-y-ya-suman-16","status":"publish","type":"post","link":"https:\/\/www.actualidadadiario.com\/index.php\/2020\/04\/03\/se-confirmaron-dos-nuevos-casos-de-coronavirus-en-entre-rios-y-ya-suman-16\/","title":{"rendered":"Se confirmaron dos nuevos casos de coronavirus en Entre R\u00edos y ya suman 16"},"content":{"rendered":"<p style=\"text-align: center;\"><em><strong>Uno de ellos fue detectado en Gualeguaych\u00fa y corresponde a un var\u00f3n adulto joven que mantuvo contacto estrecho con otro caso positivo. En tanto que el otro caso identificado hoy corresponde a una mujer joven de la ciudad de Paran\u00e1 que tiene antecedentes de viaje al exterior<\/strong><\/em><\/p>\n<p>&nbsp;<\/p>\n<p>&nbsp;<\/p>\n<p>En una nueva actualizaci\u00f3n epidemiol\u00f3gica, desde el Gobierno de la provincia, y seg\u00fan los datos reportados hoy\u00a0 a las 19:30 horas por el \u00e1rea de Vigilancia Epidemiol\u00f3gica del Ministerio de Salud, en Entre R\u00edos se han sumado 2\u00a0 nuevos\u00a0 casos de Coronavirus.<\/p>\n<p>Uno de ellos fue detectado en Gualeguaych\u00fa y corresponde a un var\u00f3n adulto joven que mantuvo contacto estrecho con otro caso positivo, el cual se encuentra en buen estado de salud y cumpliendo el aislamiento.<\/p>\n<p>En tanto que el otro caso identificado corresponde a la ciudad de Paran\u00e1. La paciente, una mujer joven que tiene antecedentes de viaje al exterior, tambi\u00e9n se encuentra cumpliendo el protocolo de aislamiento y con buen estado general de salud.<\/p>\n<p>De ese modo, en la provincia son 16 los casos confirmados, 11 en estudio\u00a0 y 169 descartados en total.<\/p>\n","protected":false},"excerpt":{"rendered":"<p>Uno de ellos fue detectado en Gualeguaych\u00fa y corresponde a un var\u00f3n adulto joven que mantuvo contacto estrecho con otro caso positivo. En tanto que el otro caso identificado hoy corresponde a una mujer joven de la ciudad de Paran\u00e1 que tiene antecedentes de viaje al exterior &nbsp; &nbsp; En una nueva actualizaci\u00f3n epidemiol\u00f3gica, desde el Gobierno de la provincia, y seg\u00fan los datos reportados hoy\u00a0 a las 19:30 horas por el \u00e1rea de Vigilancia Epidemiol\u00f3gica del Ministerio de Salud, en Entre R\u00edos se han sumado 2\u00a0 nuevos\u00a0 casos de&#8230;<\/p>\n","protected":false},"author":3,"featured_media":59886,"comment_status":"closed","ping_status":"closed","sticky":false,"template":"","format":"standard","meta":[],"categories":[15],"tags":[],"_links":{"self":[{"href":"https:\/\/www.actualidadadiario.com\/index.php\/wp-json\/wp\/v2\/posts\/59885"}],"collection":[{"href":"https:\/\/www.actualidadadiario.com\/index.php\/wp-json\/wp\/v2\/posts"}],"about":[{"href":"https:\/\/www.actualidadadiario.com\/index.php\/wp-json\/wp\/v2\/types\/post"}],"author":[{"embeddable":true,"href":"https:\/\/www.actualidadadiario.com\/index.php\/wp-json\/wp\/v2\/users\/3"}],"replies":[{"embeddable":true,"href":"https:\/\/www.actualidadadiario.com\/index.php\/wp-json\/wp\/v2\/comments?post=59885"}],"version-history":[{"count":1,"href":"https:\/\/www.actualidadadiario.com\/index.php\/wp-json\/wp\/v2\/posts\/59885\/revisions"}],"predecessor-version":[{"id":59887,"href":"https:\/\/www.actualidadadiario.com\/index.php\/wp-json\/wp\/v2\/posts\/59885\/revisions\/59887"}],"wp:featuredmedia":[{"embeddable":true,"href":"https:\/\/www.actualidadadiario.com\/index.php\/wp-json\/wp\/v2\/media\/59886"}],"wp:attachment":[{"href":"https:\/\/www.actualidadadiario.com\/index.php\/wp-json\/wp\/v2\/media?parent=59885"}],"wp:term":[{"taxonomy":"category","embeddable":true,"href":"https:\/\/www.actualidadadiario.com\/index.php\/wp-json\/wp\/v2\/categories?post=59885"},{"taxonomy":"post_tag","embeddable":true,"href":"https:\/\/www.actualidadadiario.com\/index.php\/wp-json\/wp\/v2\/tags?post=59885"}],"curies":[{"name":"wp","href":"https:\/\/api.w.org\/{rel}","templated":true}]}}