{"id":59879,"date":"2020-04-03T12:47:07","date_gmt":"2020-04-03T15:47:07","guid":{"rendered":"https:\/\/www.actualidadadiario.com\/?p=59879"},"modified":"2020-04-03T13:06:53","modified_gmt":"2020-04-03T16:06:53","slug":"el-gobierno-provincial-incremento-en-un-35-por-ciento-las-partidas-para-los-comedores-escolares","status":"publish","type":"post","link":"https:\/\/www.actualidadadiario.com\/index.php\/2020\/04\/03\/el-gobierno-provincial-incremento-en-un-35-por-ciento-las-partidas-para-los-comedores-escolares\/","title":{"rendered":"El gobierno provincial increment\u00f3 en un 35 por ciento las partidas para los comedores escolares"},"content":{"rendered":"<p style=\"text-align: center;\"><em><strong>El monto destinado a cada raci\u00f3n de las partidas para los comedores escolares se incrementar\u00e1 un 35 por ciento a partir de este mes. As\u00ed lo anunci\u00f3 el gobernador Gustavo Bordet al visitar este jueves la escuela Las Heras, de Paran\u00e1<\/strong><\/em><\/p>\n<p>&nbsp;<\/p>\n<p>&nbsp;<\/p>\n<p>Junto a la vicegobernadora Laura Stratta; la ministra de Desarrollo Social, Marisa Paira, y el director de Comedores, Ariel Wilvers, el primer mandatario entrerriano visit\u00f3 el establecimiento educativo, donde se entregan 150 viandas diarias a los padres de sus alumnos por la pandemia. \u201cQuiero felicitar a los cocineros que, con la ayuda de muchos docentes, se ocupan de preparar los alimentos y organizar las viandas para que nuestros ni\u00f1os y ni\u00f1as pueden tener su plato de comida en el marco de esta crisis\u201d, manifest\u00f3.<\/p>\n<p>El mandatario destac\u00f3 que dispuso incrementar la partida para los comedores escolares que funcionan en la provincia. \u201cEsto permite poder garantizar una alimentaci\u00f3n de calidad, de acuerdo a los par\u00e1metros nutricionales que tenemos que tener. Tambi\u00e9n estamos trabajando en el fortalecimiento de la copa de leche\u201d, se\u00f1al\u00f3. \u201cHoy la provincia, con ese aumento, invierte m\u00e1s de 1 mill\u00f3n de pesos por d\u00eda en los comedores, entre el almuerzo que se brinda y el refuerzo de la copa de leche\u201d, puntualiz\u00f3.<\/p>\n<p>Luego asegur\u00f3 que en los comedores escolares que permanecen abiertos en las escuelas \u201cse est\u00e1 trabajando con todas las medidas de seguridad que el Comit\u00e9 de Emergencia Sanitaria (COES) marc\u00f3, tanto para el trabajo dentro de la cocina como con respecto a las madres o padres que retiran las viandas\u201d.<\/p>\n<p>\u201cTenemos comedores abiertos, aportando viandas a m\u00e1s de 18.000 ni\u00f1os y ni\u00f1as en distintos lugares de la provincia. Y adem\u00e1s de la vianda, cada 15 d\u00edas se les entrega un refuerzo de la copa de leche, consistente en leche, az\u00facar y cacao para que los chicos puedan cubrir esa necesidad en sus casas, en el marco de lo que es la estrategia de acompa\u00f1amiento de la pol\u00edtica alimentaria que se ha dado el gobierno de Entre R\u00edos\u201d, continu\u00f3 diciendo Bordet, quien finalmente indic\u00f3: \u201cEstamos acompa\u00f1ando los comedores comunitarios y los espacios barriales. Incluso en muchas localidades se hace un trabajo articulado de los comedores municipales y escolares que permite ir atendiendo las distintas franjas de la poblaci\u00f3n\u201d.<\/p>\n<p>Por \u00faltimo, la ministra Paira reafirm\u00f3 que &#8220;desde la provincia se est\u00e1 trabajando para la adquisici\u00f3n de alimentos, medida que va a permitir llegar a cada lugar del territorio entrerriano a trav\u00e9s de los municipios, las juntas de gobierno y las comunas&#8221;.<\/p>\n","protected":false},"excerpt":{"rendered":"<p>El monto destinado a cada raci\u00f3n de las partidas para los comedores escolares se incrementar\u00e1 un 35 por ciento a partir de este mes. As\u00ed lo anunci\u00f3 el gobernador Gustavo Bordet al visitar este jueves la escuela Las Heras, de Paran\u00e1 &nbsp; &nbsp; Junto a la vicegobernadora Laura Stratta; la ministra de Desarrollo Social, Marisa Paira, y el director de Comedores, Ariel Wilvers, el primer mandatario entrerriano visit\u00f3 el establecimiento educativo, donde se entregan 150 viandas diarias a los padres de sus alumnos por la pandemia. \u201cQuiero felicitar a los&#8230;<\/p>\n","protected":false},"author":3,"featured_media":59937,"comment_status":"closed","ping_status":"closed","sticky":false,"template":"","format":"standard","meta":[],"categories":[15],"tags":[],"_links":{"self":[{"href":"https:\/\/www.actualidadadiario.com\/index.php\/wp-json\/wp\/v2\/posts\/59879"}],"collection":[{"href":"https:\/\/www.actualidadadiario.com\/index.php\/wp-json\/wp\/v2\/posts"}],"about":[{"href":"https:\/\/www.actualidadadiario.com\/index.php\/wp-json\/wp\/v2\/types\/post"}],"author":[{"embeddable":true,"href":"https:\/\/www.actualidadadiario.com\/index.php\/wp-json\/wp\/v2\/users\/3"}],"replies":[{"embeddable":true,"href":"https:\/\/www.actualidadadiario.com\/index.php\/wp-json\/wp\/v2\/comments?post=59879"}],"version-history":[{"count":1,"href":"https:\/\/www.actualidadadiario.com\/index.php\/wp-json\/wp\/v2\/posts\/59879\/revisions"}],"predecessor-version":[{"id":59881,"href":"https:\/\/www.actualidadadiario.com\/index.php\/wp-json\/wp\/v2\/posts\/59879\/revisions\/59881"}],"wp:featuredmedia":[{"embeddable":true,"href":"https:\/\/www.actualidadadiario.com\/index.php\/wp-json\/wp\/v2\/media\/59937"}],"wp:attachment":[{"href":"https:\/\/www.actualidadadiario.com\/index.php\/wp-json\/wp\/v2\/media?parent=59879"}],"wp:term":[{"taxonomy":"category","embeddable":true,"href":"https:\/\/www.actualidadadiario.com\/index.php\/wp-json\/wp\/v2\/categories?post=59879"},{"taxonomy":"post_tag","embeddable":true,"href":"https:\/\/www.actualidadadiario.com\/index.php\/wp-json\/wp\/v2\/tags?post=59879"}],"curies":[{"name":"wp","href":"https:\/\/api.w.org\/{rel}","templated":true}]}}