{"id":59877,"date":"2020-04-03T12:46:14","date_gmt":"2020-04-03T15:46:14","guid":{"rendered":"https:\/\/www.actualidadadiario.com\/?p=59877"},"modified":"2020-04-03T12:46:14","modified_gmt":"2020-04-03T15:46:14","slug":"el-cge-prorrogo-la-suspension-de-las-clases-presenciales-en-entre-rios","status":"publish","type":"post","link":"https:\/\/www.actualidadadiario.com\/index.php\/2020\/04\/03\/el-cge-prorrogo-la-suspension-de-las-clases-presenciales-en-entre-rios\/","title":{"rendered":"El CGE prorrog\u00f3 la suspensi\u00f3n de las clases presenciales en Entre R\u00edos"},"content":{"rendered":"<p style=\"text-align: center;\"><em><strong>El Consejo General de Educaci\u00f3n (CGE) emiti\u00f3 la pr\u00f3rroga, sin fecha, del receso extraordinario que comenz\u00f3 el lunes 16 de marzo para respetar el aislamiento social, preventivo y obligatorio y evitar as\u00ed la propagaci\u00f3n de la pandemia de coronavirus<\/strong><\/em><\/p>\n<p>&nbsp;<\/p>\n<p>&nbsp;<\/p>\n<p>A trav\u00e9s de la resoluci\u00f3n N\u00b0 766, dictada este jueves 2 de abril, el CGE dispuso extender la suspensi\u00f3n de clases presenciales a partir del mi\u00e9rcoles 1\u00b0 \u201cy hasta tanto las autoridades competentes determinen la finalizaci\u00f3n de la presente y extraordinaria situaci\u00f3n epidemiol\u00f3gica del coronavirus (Covid-10)\u201d.<\/p>\n<p>El \u00faltimo 15 de marzo se conoci\u00f3 la decisi\u00f3n del CGE de replicar lo resuelto por el Ministerio de Educaci\u00f3n de la Naci\u00f3n y suspendi\u00f3 las actividades en las escuelas hasta el 31 de marzo. Pero en funci\u00f3n de la evoluci\u00f3n de la pandemia, la Naci\u00f3n resolvi\u00f3 extender el aislamiento social hasta el fin de la Semana Santa, el pr\u00f3ximo 12 de abril.<\/p>\n<p>En funci\u00f3n de esa decisi\u00f3n, y en acuerdo en el Consejo Federal de Educaci\u00f3n, que re\u00fane a los responsables de las carteras educativas de todos los distritos, Entre R\u00edos tom\u00f3 la determinaci\u00f3n de mantener la inactividad en las escuelas.<\/p>\n<p>En estos d\u00edas, las escuelas solo garantizan los servicios m\u00ednimos: una guardia de directivos y docentes para enviar contenidos para el trabajo en la casa. Tambi\u00e9n queda el personal administrativo y auxiliar necesarios para el funcionamiento de los comedores escolares.<\/p>\n<p>&nbsp;<\/p>\n<p><strong>Un panorama peculiar<\/strong><\/p>\n<p>El aplazamiento de la vuelta a clases crea un panorama peculiar: desde que abri\u00f3 el ciclo lectivo 2020, el lunes 2 de marzo, la cantidad de d\u00edas con actividad han sido escasos.<\/p>\n<p>El principal sindicato de los maestros, la Asociaci\u00f3n Gremial del Magisterio de Entre R\u00edos (Agmer), cumpli\u00f3 6 d\u00edas de paro en demanda de mejoras salariales \u2013solo hubo una \u00fanica convocatoria a paritarias, el viernes 6 de abril\u2013 y luego la pandemia dej\u00f3 todo entre par\u00e9ntesis. Hubo paro docente los d\u00edas 2, 3, 4 y 9 de marzo; y martes 12 y mi\u00e9rcoles 13. Tambi\u00e9n se hab\u00eda convocado a una nueva huelga para los d\u00edas martes 17 y mi\u00e9rcoles 18, pero quedaron en abstracto: el 16 se inici\u00f3 el receso en las escuelas.<\/p>\n<p>El reinicio del ciclo luego de la par\u00e1lisis extraordinaria por la emergencia sanitaria es todav\u00eda una inc\u00f3gnita. \u201cNo hay fecha a\u00fan, luego del 12, en funci\u00f3n de lo que se decida nacionalmente, se definir\u00e1 espec\u00edficamente lo educativo\u201d, dijo el presidente del CGE, Mart\u00edn M\u00fcller.<\/p>\n","protected":false},"excerpt":{"rendered":"<p>El Consejo General de Educaci\u00f3n (CGE) emiti\u00f3 la pr\u00f3rroga, sin fecha, del receso extraordinario que comenz\u00f3 el lunes 16 de marzo para respetar el aislamiento social, preventivo y obligatorio y evitar as\u00ed la propagaci\u00f3n de la pandemia de coronavirus &nbsp; &nbsp; A trav\u00e9s de la resoluci\u00f3n N\u00b0 766, dictada este jueves 2 de abril, el CGE dispuso extender la suspensi\u00f3n de clases presenciales a partir del mi\u00e9rcoles 1\u00b0 \u201cy hasta tanto las autoridades competentes determinen la finalizaci\u00f3n de la presente y extraordinaria situaci\u00f3n epidemiol\u00f3gica del coronavirus (Covid-10)\u201d. El \u00faltimo 15&#8230;<\/p>\n","protected":false},"author":3,"featured_media":58212,"comment_status":"closed","ping_status":"closed","sticky":false,"template":"","format":"standard","meta":[],"categories":[15],"tags":[],"_links":{"self":[{"href":"https:\/\/www.actualidadadiario.com\/index.php\/wp-json\/wp\/v2\/posts\/59877"}],"collection":[{"href":"https:\/\/www.actualidadadiario.com\/index.php\/wp-json\/wp\/v2\/posts"}],"about":[{"href":"https:\/\/www.actualidadadiario.com\/index.php\/wp-json\/wp\/v2\/types\/post"}],"author":[{"embeddable":true,"href":"https:\/\/www.actualidadadiario.com\/index.php\/wp-json\/wp\/v2\/users\/3"}],"replies":[{"embeddable":true,"href":"https:\/\/www.actualidadadiario.com\/index.php\/wp-json\/wp\/v2\/comments?post=59877"}],"version-history":[{"count":1,"href":"https:\/\/www.actualidadadiario.com\/index.php\/wp-json\/wp\/v2\/posts\/59877\/revisions"}],"predecessor-version":[{"id":59878,"href":"https:\/\/www.actualidadadiario.com\/index.php\/wp-json\/wp\/v2\/posts\/59877\/revisions\/59878"}],"wp:featuredmedia":[{"embeddable":true,"href":"https:\/\/www.actualidadadiario.com\/index.php\/wp-json\/wp\/v2\/media\/58212"}],"wp:attachment":[{"href":"https:\/\/www.actualidadadiario.com\/index.php\/wp-json\/wp\/v2\/media?parent=59877"}],"wp:term":[{"taxonomy":"category","embeddable":true,"href":"https:\/\/www.actualidadadiario.com\/index.php\/wp-json\/wp\/v2\/categories?post=59877"},{"taxonomy":"post_tag","embeddable":true,"href":"https:\/\/www.actualidadadiario.com\/index.php\/wp-json\/wp\/v2\/tags?post=59877"}],"curies":[{"name":"wp","href":"https:\/\/api.w.org\/{rel}","templated":true}]}}