{"id":59874,"date":"2020-04-03T12:45:33","date_gmt":"2020-04-03T15:45:33","guid":{"rendered":"https:\/\/www.actualidadadiario.com\/?p=59874"},"modified":"2020-04-03T12:45:33","modified_gmt":"2020-04-03T15:45:33","slug":"ya-se-implementa-la-campana-barbijo-rojo-en-las-farmacias-entrerrianas","status":"publish","type":"post","link":"https:\/\/www.actualidadadiario.com\/index.php\/2020\/04\/03\/ya-se-implementa-la-campana-barbijo-rojo-en-las-farmacias-entrerrianas\/","title":{"rendered":"Ya se implementa la campa\u00f1a \u201cBarbijo Rojo\u201d en las farmacias entrerrianas"},"content":{"rendered":"<p style=\"text-align: center;\"><em><strong>Las farmacias de Entre R\u00edos ya est\u00e1n instruidas e implementan la campa\u00f1a nacional ideada para brindar ayuda a las mujeres o personas LGTBI+ que atraviesen situaciones de violencia de g\u00e9nero durante el per\u00edodo de aislamiento social obligatorio \u00b7 \u201cEstamos para trabajar y colaborar con esta iniciativa ante el aumento de estos casos durante la cuarentena\u201d, dijeron desde el Colegio de Farmac\u00e9uticos de Entre R\u00edos<\/strong><\/em><\/p>\n<p>&nbsp;<\/p>\n<p>&nbsp;<\/p>\n<p>\u201cYa estamos implementando la campa\u00f1a Barbijo Rojo\u201d, asegur\u00f3 Walter Ormaechea, tesorero del Colegio. \u201cEmpezamos esta semana\u201d, agreg\u00f3 y coment\u00f3 que fueron notificadas de la campa\u00f1a las casi 400 farmacias que integran esa entidad.<\/p>\n<p>\u201cEstamos para trabajar en eso y colaborar, dado que estad\u00edsticamente aumenta la violencia de g\u00e9nero durante la cuarentena\u201d, expres\u00f3 el farmac\u00e9utico. \u201cTeniendo en cuenta eso es que se hizo este convenio, para ayudar en los casos que sea necesario\u201d, acot\u00f3.<\/p>\n<p>Barbijo Rojo es una iniciativa del Ministerio de las Mujeres, G\u00e9neros y Diversidad de la Naci\u00f3n, y la Confederaci\u00f3n Farmac\u00e9utica Argentina (COFA), a la cual pertenece el Colegio de Farmac\u00e9uticos de Entre R\u00edos.<\/p>\n<p>Las mujeres y personas LGBTI+ que sean violentadas podr\u00e1n acercarse a la farmacia m\u00e1s cercana o llamar a la de confianza y solicitar un barbijo rojo. De esa forma el personal comprender\u00e1 que se trata de una situaci\u00f3n de violencia por motivos de g\u00e9nero.<\/p>\n<p>Ormaechea coment\u00f3 que no hizo falta que se brinde una capacitaci\u00f3n al personal de farmacias, porque el mecanismo \u201ces muy simple: la persona dice la clave (es decir, pide un barbijo rojo) y la farmacia lo que hace es tomar los datos de esa persona, que puede ser la afectada directamente o un familiar, vecina o amiga. Despu\u00e9s hacemos un llamado a las l\u00edneas telef\u00f3nicas 144 o 911 y pasamos los datos. A partir de ah\u00ed se encarga el Ministerio. Nosotros somos intermediarios nada m\u00e1s\u201d, explic\u00f3 por \u00faltimo.<\/p>\n<p>El procedimiento est\u00e1 detallado paso a paso en un protocolo de actuaci\u00f3n que fue enviado a cada farmacia. All\u00ed se indica que las mujeres y personas del colectivo LGBTI+, o su c\u00edrculo de confianza, deben solicitar un \u201cbarbijo rojo\u201d ante el\/la farmac\u00e9utico\/a. Quien atiende a la persona deber\u00e1 responder que a\u00fan no tienen dicho producto y le solicitar\u00e1 su informaci\u00f3n de contacto con el fin de informar cuando llegue el pedido. Posteriormente, desde la farmacia se deber\u00e1n comunicar con el 911 para realizar la denuncia o con la l\u00ednea para recibir asistencia.<\/p>\n","protected":false},"excerpt":{"rendered":"<p>Las farmacias de Entre R\u00edos ya est\u00e1n instruidas e implementan la campa\u00f1a nacional ideada para brindar ayuda a las mujeres o personas LGTBI+ que atraviesen situaciones de violencia de g\u00e9nero durante el per\u00edodo de aislamiento social obligatorio \u00b7 \u201cEstamos para trabajar y colaborar con esta iniciativa ante el aumento de estos casos durante la cuarentena\u201d, dijeron desde el Colegio de Farmac\u00e9uticos de Entre R\u00edos &nbsp; &nbsp; \u201cYa estamos implementando la campa\u00f1a Barbijo Rojo\u201d, asegur\u00f3 Walter Ormaechea, tesorero del Colegio. \u201cEmpezamos esta semana\u201d, agreg\u00f3 y coment\u00f3 que fueron notificadas de la&#8230;<\/p>\n","protected":false},"author":3,"featured_media":59875,"comment_status":"closed","ping_status":"closed","sticky":false,"template":"","format":"standard","meta":[],"categories":[9],"tags":[],"_links":{"self":[{"href":"https:\/\/www.actualidadadiario.com\/index.php\/wp-json\/wp\/v2\/posts\/59874"}],"collection":[{"href":"https:\/\/www.actualidadadiario.com\/index.php\/wp-json\/wp\/v2\/posts"}],"about":[{"href":"https:\/\/www.actualidadadiario.com\/index.php\/wp-json\/wp\/v2\/types\/post"}],"author":[{"embeddable":true,"href":"https:\/\/www.actualidadadiario.com\/index.php\/wp-json\/wp\/v2\/users\/3"}],"replies":[{"embeddable":true,"href":"https:\/\/www.actualidadadiario.com\/index.php\/wp-json\/wp\/v2\/comments?post=59874"}],"version-history":[{"count":1,"href":"https:\/\/www.actualidadadiario.com\/index.php\/wp-json\/wp\/v2\/posts\/59874\/revisions"}],"predecessor-version":[{"id":59876,"href":"https:\/\/www.actualidadadiario.com\/index.php\/wp-json\/wp\/v2\/posts\/59874\/revisions\/59876"}],"wp:featuredmedia":[{"embeddable":true,"href":"https:\/\/www.actualidadadiario.com\/index.php\/wp-json\/wp\/v2\/media\/59875"}],"wp:attachment":[{"href":"https:\/\/www.actualidadadiario.com\/index.php\/wp-json\/wp\/v2\/media?parent=59874"}],"wp:term":[{"taxonomy":"category","embeddable":true,"href":"https:\/\/www.actualidadadiario.com\/index.php\/wp-json\/wp\/v2\/categories?post=59874"},{"taxonomy":"post_tag","embeddable":true,"href":"https:\/\/www.actualidadadiario.com\/index.php\/wp-json\/wp\/v2\/tags?post=59874"}],"curies":[{"name":"wp","href":"https:\/\/api.w.org\/{rel}","templated":true}]}}