{"id":59871,"date":"2020-04-03T12:44:48","date_gmt":"2020-04-03T15:44:48","guid":{"rendered":"https:\/\/www.actualidadadiario.com\/?p=59871"},"modified":"2020-04-03T12:44:48","modified_gmt":"2020-04-03T15:44:48","slug":"bordet-suspendio-el-corte-de-servicios-por-180-dias","status":"publish","type":"post","link":"https:\/\/www.actualidadadiario.com\/index.php\/2020\/04\/03\/bordet-suspendio-el-corte-de-servicios-por-180-dias\/","title":{"rendered":"Bordet suspendi\u00f3 el corte de servicios por 180 d\u00edas"},"content":{"rendered":"<p style=\"text-align: center;\"><em><strong>El gobernador Gustavo Bordet estableci\u00f3, a trav\u00e9s del Decreto N\u00ba 506, que no se podr\u00e1 disponer la suspensi\u00f3n o el corte de los servicios de energ\u00eda el\u00e9ctrica, gas por redes y agua corriente, telefon\u00eda fija o m\u00f3vil e Internet y TV por cable, por v\u00ednculo radioel\u00e9ctrico o satelital, por 180 d\u00edas<\/strong><\/em><\/p>\n<p>&nbsp;<\/p>\n<p>&#8220;Hoy firm\u00e9 el Decreto de adhesi\u00f3n que se publicar\u00e1 ma\u00f1ana en el bolet\u00edn oficial, donde se adhiere en todos los t\u00e9rminos al decreto nacional que suspende el corte de servicio por falta de pago&#8221;, anunci\u00f3 el gobernador.<\/p>\n<p>&nbsp;<\/p>\n<p><strong>Decreto<\/strong><\/p>\n<p>Con la firma del decreto provincial que impide la suspensi\u00f3n o corte de servicios, el mandatario entrerriano adhiri\u00f3 a las disposiciones del Decreto de Necesidad y Urgencia N\u00ba 311\/20 del Poder Ejecutivo Nacional.<\/p>\n<p>En el art\u00edculo 2, dispone al Ministerio de Producci\u00f3n como autoridad de aplicaci\u00f3n del decreto y faculta para que \u00f3rganos t\u00e9cnicos competentes procedan a la reglamentaci\u00f3n de la norma, estableciendo los beneficiarios comprendidos en el mismo.<\/p>\n<p>Esta medida alcanza a quienes tienen mora o falta de pago de hasta tres cuotas mensuales consecutivas o alternas, con vencimientos desde el 1\u00b0 de marzo de 2020. Quedan comprendidos los usuarios con aviso de corte en curso.<\/p>\n<p>&nbsp;<\/p>\n<p><strong>Ser\u00e1n alcanzados por la medida<\/strong><\/p>\n<ul>\n<li>Usuarios beneficiarios de las distintas categor\u00edas de la Tarifa El\u00e9ctrica Social (TES II y III) para personas de escasos recursos econ\u00f3micos vigentes en la provincia de Entre R\u00edos.<\/li>\n<li>Usuarios beneficiarios de la Tarifa El\u00e9ctrica Social (TES I) vigente en la provincia de Entre R\u00edos para jubilados y\/o pensionados.<\/li>\n<\/ul>\n<p>Usuarios beneficiarios del beneficio provincial identificado como Inclusi\u00f3n al Consumo de Energ\u00eda El\u00e9ctrica (ICEE) vigente en la provincia de Entre R\u00edos.<\/p>\n<ul>\n<li>Usuarios encuadrados como electrodependientes por razones de salud que se encuentren inscriptos en el Registro de Electrodependientes por Cuestiones de Salud (RECS) dependiente del Ministerio de Salud de la Naci\u00f3n.<\/li>\n<li>Usuarios beneficiarios de la Tarifa Social para la Salud vigente en la Provincia de Entre R\u00edos.<\/li>\n<li>Usuarios beneficiarios de la Tarifa Social Nacional<\/li>\n<li>Usuarios incorporados en el R\u00e9gimen Especial de Seguridad Social para Empleados de Casas Particulares (Ley N\u00b0 26.844), para lo cual deber\u00e1 presentar la constancia correspondiente.<\/li>\n<li>Usuarios que perciben el seguro de desempleo, para lo cual deber\u00e1 presentar la constancia correspondiente.<\/li>\n<li>Usuarios que sean beneficiarios de la Asignaci\u00f3n Universal por Hijo (AUH) y\/o la Asignaci\u00f3n por Embarazo, para lo cual deber\u00e1 presentar la constancia correspondiente.<\/li>\n<li>Usuarios inscriptos en el R\u00e9gimen de Monotributo Social, para lo cual deber\u00e1 presentar la constancia correspondiente.<\/li>\n<li>Usuarios que sean trabajadores monotributistas inscriptos en una categor\u00eda cuyo ingreso anual mensualizado sea inferior a DOS (2) veces el Salario M\u00ednimo Vital y M\u00f3vil, para lo cual deber\u00e1 presentar la constancia correspondiente.<\/li>\n<li>Usuarios que sean Cooperativas de Trabajo o Empresas Recuperadas inscriptas en el INSTITUTO NACIONAL DE ASOCIATIVISMO Y ECONOM\u00cdA SOCIAL (INAES) afectadas en la emergencia, para lo cual deber\u00e1n presentar la constancia correspondiente expedida por autoridad.<\/li>\n<li>Usuarios que sean instituciones de salud, p\u00fablicas y privadas afectadas en la emergencia.<\/li>\n<li>Usuarios que sean Entidades de Bien P\u00fablico que contribuyan a la elaboraci\u00f3n y distribuci\u00f3n de alimentos en el marco de la emergencia alimentaria.<\/li>\n<li>Las Micro, Peque\u00f1as y Medianas Empresas (MiPyMES), conforme lo dispuesto por la Ley N\u00b0 25.300 afectadas en la emergencia, seg\u00fan lo establezca la reglamentaci\u00f3n.<\/li>\n<\/ul>\n","protected":false},"excerpt":{"rendered":"<p>El gobernador Gustavo Bordet estableci\u00f3, a trav\u00e9s del Decreto N\u00ba 506, que no se podr\u00e1 disponer la suspensi\u00f3n o el corte de los servicios de energ\u00eda el\u00e9ctrica, gas por redes y agua corriente, telefon\u00eda fija o m\u00f3vil e Internet y TV por cable, por v\u00ednculo radioel\u00e9ctrico o satelital, por 180 d\u00edas &nbsp; &#8220;Hoy firm\u00e9 el Decreto de adhesi\u00f3n que se publicar\u00e1 ma\u00f1ana en el bolet\u00edn oficial, donde se adhiere en todos los t\u00e9rminos al decreto nacional que suspende el corte de servicio por falta de pago&#8221;, anunci\u00f3 el gobernador. &nbsp;&#8230;<\/p>\n","protected":false},"author":3,"featured_media":59872,"comment_status":"closed","ping_status":"closed","sticky":false,"template":"","format":"standard","meta":[],"categories":[9],"tags":[],"_links":{"self":[{"href":"https:\/\/www.actualidadadiario.com\/index.php\/wp-json\/wp\/v2\/posts\/59871"}],"collection":[{"href":"https:\/\/www.actualidadadiario.com\/index.php\/wp-json\/wp\/v2\/posts"}],"about":[{"href":"https:\/\/www.actualidadadiario.com\/index.php\/wp-json\/wp\/v2\/types\/post"}],"author":[{"embeddable":true,"href":"https:\/\/www.actualidadadiario.com\/index.php\/wp-json\/wp\/v2\/users\/3"}],"replies":[{"embeddable":true,"href":"https:\/\/www.actualidadadiario.com\/index.php\/wp-json\/wp\/v2\/comments?post=59871"}],"version-history":[{"count":1,"href":"https:\/\/www.actualidadadiario.com\/index.php\/wp-json\/wp\/v2\/posts\/59871\/revisions"}],"predecessor-version":[{"id":59873,"href":"https:\/\/www.actualidadadiario.com\/index.php\/wp-json\/wp\/v2\/posts\/59871\/revisions\/59873"}],"wp:featuredmedia":[{"embeddable":true,"href":"https:\/\/www.actualidadadiario.com\/index.php\/wp-json\/wp\/v2\/media\/59872"}],"wp:attachment":[{"href":"https:\/\/www.actualidadadiario.com\/index.php\/wp-json\/wp\/v2\/media?parent=59871"}],"wp:term":[{"taxonomy":"category","embeddable":true,"href":"https:\/\/www.actualidadadiario.com\/index.php\/wp-json\/wp\/v2\/categories?post=59871"},{"taxonomy":"post_tag","embeddable":true,"href":"https:\/\/www.actualidadadiario.com\/index.php\/wp-json\/wp\/v2\/tags?post=59871"}],"curies":[{"name":"wp","href":"https:\/\/api.w.org\/{rel}","templated":true}]}}