{"id":59867,"date":"2020-04-01T13:58:51","date_gmt":"2020-04-01T16:58:51","guid":{"rendered":"https:\/\/www.actualidadadiario.com\/?p=59867"},"modified":"2020-04-01T13:58:51","modified_gmt":"2020-04-01T16:58:51","slug":"como-se-conmemorara-este-ano-el-2-de-abril","status":"publish","type":"post","link":"https:\/\/www.actualidadadiario.com\/index.php\/2020\/04\/01\/como-se-conmemorara-este-ano-el-2-de-abril\/","title":{"rendered":"C\u00f3mo se conmemorar\u00e1 este a\u00f1o el 2 de abril"},"content":{"rendered":"<p style=\"text-align: center;\"><em><strong>Banderazos, vigilias, recitales virtuales y la convocatoria a los ciudadanos para entonar el Himno Nacional desde sus casas ser\u00e1n algunas de las alternativas para la fecha, en el marco del aislamiento social, preventivo y obligatorio<\/strong><\/em><\/p>\n<p>&nbsp;<\/p>\n<p>&nbsp;<\/p>\n<p>A 38 a\u00f1os del inicio de la guerra de Malvinas, el D\u00eda del Veterano y de los Ca\u00eddos en el conflicto ser\u00e1 conmemorado este 2 de abril con banderazos, vigilias y recitales virtuales, y la convocatoria a los ciudadanos para entonar el Himno Nacional desde sus casas, debido al aislamiento social, preventivo y obligatorio establecido por el gobierno nacional para mitigar el avance del coronavirus en el pa\u00eds.<\/p>\n<p>En un 2 de abril at\u00edpico por las restricciones impuestas por la cuarentena, sin los habituales actos oficiales y ning\u00fan tipo de actividad p\u00fablica, los centros de ex combatientes, los familiares de los ca\u00eddos y el gobierno realizar\u00e1n distintos tipos de homenajes virtuales.<\/p>\n<p>Por su parte, la Secretar\u00eda de Malvinas, Ant\u00e1rtida y Atl\u00e1ntico Sur, que conduce Daniel Filmus, tiene previsto difundir en las redes sociales, a las 0 horas del pr\u00f3ximo jueves, un video cuya idea fuerza es la ratificaci\u00f3n por parte del gobierno argentino de &#8220;continuar el reclamo soberano por las islas a trav\u00e9s de la v\u00eda diplom\u00e1tica y pac\u00edfica, como la mejor forma de homenajear a los ca\u00eddos y ex combatientes&#8221;.<\/p>\n<p>En tanto, desde el Museo Malvinas e Islas del Atl\u00e1ntico Sur proponen un recital virtual de Le\u00f3n Gieco, que el cantante dar\u00e1 desde su casa a partir de la medianoche del mi\u00e9rcoles y que abrir\u00e1 con un saludo-homenaje a los soldados ca\u00eddos en Malvinas ex combatientes y a los trabajadores del museo, cont\u00f3 a T\u00e9lam su titular, el ex combatiente y periodista Edgardo Esteban.<\/p>\n<p>Emblem\u00e1ticas canciones como &#8220;Solo le pido a Dios&#8221; y &#8220;La Memoria&#8221; ser\u00e1n parte del repertorio que el santafesino desplegar\u00e1 en el recital que podr\u00e1 seguirse por internet, en el D\u00eda del Veterano y de los ca\u00eddos en Malvinas.<\/p>\n<p>Adem\u00e1s, junto al Ministerio de Cultura, el Museo Malvinas lanz\u00f3 la campa\u00f1a virtual #MalvinasEsSoberan\u00eda, abierta a los ciudadanos y de la que tambi\u00e9n participar\u00e1n artistas, intelectuales y referentes de la cultura que dejar\u00e1n su mensaje, en 30 segundos.<\/p>\n<p>Tambi\u00e9n distintas agrupaciones de ex combatientes del pa\u00eds convocaron a sumarse a la campa\u00f1a para homenajear a los soldados ca\u00eddos en la guerra con el Reino Unido.<\/p>\n<p>El Centro de ex Combatientes Islas Malvinas (Cecim) de la ciudad de Plata se sum\u00f3 a la iniciativa virtual y propuso a quienes quieran participar subir a las redes un video grabado con el tel\u00e9fono celular en forma vertical con un mensaje para recordar a los ca\u00eddos.<\/p>\n<p>En tanto, bajo la consigna &#8220;Sumate por nuestro h\u00e9roes&#8221;, la Comisi\u00f3n de Familiares de Ca\u00eddos en Malvinas e islas del Atl\u00e1ntico Sur convoc\u00f3 a la ciudadan\u00eda a entonar el Himno Nacional en el primer minuto del jueves, desde las ventanas y balcones de sus casas y luego compartirlo por las redes sociales.<\/p>\n<p>Tras el himno, la Comisi\u00f3n pondr\u00e1 en sus redes sociales un recital virtual y un mensaje del cantante Alejandro Lerner.<\/p>\n<p>El espacio virtual se convirti\u00f3 en caja de resonancia de distintas iniciativas por parte de los usuarios, como la que propone reconocer a todos los h\u00e9roes de Malvinas desde los hogares colgando banderas argentinas al frente de todas las viviendas del pa\u00eds.<\/p>\n<p>&#8220;Embanderemos nuestras casas, no necesitamos salir&#8221;, es la consigna de la convocatoria que circula en Facebook, Twitter e Instagram.<\/p>\n<p>&nbsp;<\/p>\n<p><strong>Homenajes en las provincias<\/strong><\/p>\n<p>En las provincias tambi\u00e9n los centros de veteranos agudizaron el ingenio y est\u00e1n organizando distintas movidas virtuales, en cumplimiento del aislamiento dispuesto por el gobierno.<\/p>\n<p>En C\u00f3rdoba, por ejemplo, los integrantes de la Casa del Veterano hicieron propia la iniciativa y anunciaron que en el primer minuto del jueves 2 de abril colgar\u00e1n banderas patrias frentes a sus hogares y se unir\u00e1n en el canto del Himno Nacional para finalizar con el grito &#8216;Viva la patria&#8217;.<\/p>\n<p>Voceros de esa agrupaci\u00f3n informaron a T\u00e9lam que muchos de los veteranos &#8220;realizan colaboraciones en los distintos municipios ante la situaci\u00f3n de crisis que se vive por la pandemia del coronavirus&#8221;.<\/p>\n<p>En tanto, organizaciones de ex combatientes en Tierra del Fuego tambi\u00e9n utilizar\u00e1n las redes sociales para recordar, el 1 y 2 de abril, un nuevo aniversario del inicio del conflicto b\u00e9lico con Gran Breta\u00f1a por la soberan\u00eda de las islas.<\/p>\n<p>La crisis sanitaria por el coronavirus hizo que la ciudad de R\u00edo Grande tenga que suspender la tradicional vigilia masiva que realiza el 1 de abril de cada a\u00f1o, desde 1995, que se realiza en conmemoraci\u00f3n y concientizaci\u00f3n sobre la causa Malvinas y que deriv\u00f3 en una ley nacional que declar\u00f3 a R\u00edo Grande, en 2013, como &#8220;Capital Nacional de la Vigilia por Malvinas&#8221;.<\/p>\n<p>A cambio, los ex combatientes de esa ciudad resolvieron este a\u00f1o convocar a una &#8220;vigilia virtual&#8221; con placas alusivas que se publicar\u00e1n por las redes e invitaron a que el jueves a las 21 los vecinos de toda la provincia &#8220;salgan a los balcones, ventanas y patios&#8221; a cantar el himno, hacer un minuto de silencio en homenaje a los ex combatientes fallecidos y concluir con un aplauso &#8220;para los veteranos que regresaron y est\u00e1n con vida&#8221;.<\/p>\n<p>El Centro de Ex Combatientes de Malvinas en Ushuaia se sum\u00f3 tambi\u00e9n a la misma iniciativa y pidi\u00f3 que desde el 1 de abril y durante toda la jornada del 2, la gente suba a las redes sociales im\u00e1genes de conmemoraciones anteriores y de ex combatientes, con las etiquetas #MalvinasPresenteHoyYSiempre y #VigiliaDesdeCasa&#8221;, adem\u00e1s de colocar banderas argentinas en los domicilios particulares.<\/p>\n<p>En Neuqu\u00e9n, en tanto, el Centro de Veteranos de Guerra invit\u00f3 a los ciudadanos a entonar el Himno desde las casas, adem\u00e1s de realizar un minuto de silencio y cantar la marcha de Malvinas en honor a los que &#8220;dieron su vida por la patria y a sus familiares que tanto lo padecieron&#8221;.<\/p>\n<p>Tambi\u00e9n en Chubut suspendieron los actos tradicionales, que inclu\u00edan marchas de antorchas, e invitaron a la poblaci\u00f3n a &#8220;embanderar los frentes de las viviendas&#8221;, mientras que en Puerto Madryn, se invit\u00f3 a los vecinos a sumarse en una producci\u00f3n colectiva cantando la Marcha de las Malvinas, que ser\u00e1 compartida con toda la comunidad.<\/p>\n","protected":false},"excerpt":{"rendered":"<p>Banderazos, vigilias, recitales virtuales y la convocatoria a los ciudadanos para entonar el Himno Nacional desde sus casas ser\u00e1n algunas de las alternativas para la fecha, en el marco del aislamiento social, preventivo y obligatorio &nbsp; &nbsp; A 38 a\u00f1os del inicio de la guerra de Malvinas, el D\u00eda del Veterano y de los Ca\u00eddos en el conflicto ser\u00e1 conmemorado este 2 de abril con banderazos, vigilias y recitales virtuales, y la convocatoria a los ciudadanos para entonar el Himno Nacional desde sus casas, debido al aislamiento social, preventivo y&#8230;<\/p>\n","protected":false},"author":3,"featured_media":59868,"comment_status":"closed","ping_status":"closed","sticky":false,"template":"","format":"standard","meta":[],"categories":[4],"tags":[],"_links":{"self":[{"href":"https:\/\/www.actualidadadiario.com\/index.php\/wp-json\/wp\/v2\/posts\/59867"}],"collection":[{"href":"https:\/\/www.actualidadadiario.com\/index.php\/wp-json\/wp\/v2\/posts"}],"about":[{"href":"https:\/\/www.actualidadadiario.com\/index.php\/wp-json\/wp\/v2\/types\/post"}],"author":[{"embeddable":true,"href":"https:\/\/www.actualidadadiario.com\/index.php\/wp-json\/wp\/v2\/users\/3"}],"replies":[{"embeddable":true,"href":"https:\/\/www.actualidadadiario.com\/index.php\/wp-json\/wp\/v2\/comments?post=59867"}],"version-history":[{"count":1,"href":"https:\/\/www.actualidadadiario.com\/index.php\/wp-json\/wp\/v2\/posts\/59867\/revisions"}],"predecessor-version":[{"id":59869,"href":"https:\/\/www.actualidadadiario.com\/index.php\/wp-json\/wp\/v2\/posts\/59867\/revisions\/59869"}],"wp:featuredmedia":[{"embeddable":true,"href":"https:\/\/www.actualidadadiario.com\/index.php\/wp-json\/wp\/v2\/media\/59868"}],"wp:attachment":[{"href":"https:\/\/www.actualidadadiario.com\/index.php\/wp-json\/wp\/v2\/media?parent=59867"}],"wp:term":[{"taxonomy":"category","embeddable":true,"href":"https:\/\/www.actualidadadiario.com\/index.php\/wp-json\/wp\/v2\/categories?post=59867"},{"taxonomy":"post_tag","embeddable":true,"href":"https:\/\/www.actualidadadiario.com\/index.php\/wp-json\/wp\/v2\/tags?post=59867"}],"curies":[{"name":"wp","href":"https:\/\/api.w.org\/{rel}","templated":true}]}}