{"id":59860,"date":"2020-04-01T13:56:59","date_gmt":"2020-04-01T16:56:59","guid":{"rendered":"https:\/\/www.actualidadadiario.com\/?p=59860"},"modified":"2020-04-01T13:56:59","modified_gmt":"2020-04-01T16:56:59","slug":"mexico-declaro-la-emergencia-sanitaria","status":"publish","type":"post","link":"https:\/\/www.actualidadadiario.com\/index.php\/2020\/04\/01\/mexico-declaro-la-emergencia-sanitaria\/","title":{"rendered":"M\u00e9xico declar\u00f3 la emergencia sanitaria"},"content":{"rendered":"<p style=\"text-align: center;\"><em><strong>La medida obliga al sector p\u00fablico y privado a suspender de manera inmediata todas las actividades no esenciales. El presidente Andr\u00e9s Manuel L\u00f3pez Obrador asegur\u00f3 que no rescatar\u00e1 a las grandes empresas<\/strong><\/em><\/p>\n<p>&nbsp;<\/p>\n<p>&nbsp;<\/p>\n<p>El gobierno de M\u00e9xico declar\u00f3 la emergencia sanitaria por causa de fuerza mayor. La medida obliga a los sectores p\u00fablico y privado a suspender de manera inmediata todas las actividades no esenciales. Las empresas que se nieguen a respetar los derechos de los trabajadores y que operen mientras dura la emergencia enfrentar\u00e1n desde multas hasta responsabilidades penales. Por su parte el presidente Andr\u00e9s Manuel L\u00f3pez Obrador asegur\u00f3 que no van a rescatar a las grandes empresas. &#8220;Hay que darle a pobres&#8221;, enfatiz\u00f3 el mandatario. La cifra de infectados por el coronavirus lleg\u00f3 a 1.094 en el pa\u00eds azteca, en tanto que 28 personas perdieron la vida.<\/p>\n<p>El subsecretario de Prevenci\u00f3n y Promoci\u00f3n de Salud, Hugo L\u00f3pez-Gatell, aclar\u00f3 que declarar el estado de emergencia no significaba un estado de sitio, ni toque de queda. Sin embargo sostuvo que era la \u00faltima oportunidad para reducir los contagios. &#8220;Millones de personas tienen que restringir su movilidad para lograr un menor riesgo de que se saturen los hospitales&#8221;, subray\u00f3 el funcionario. Esta declaraci\u00f3n llega despu\u00e9s que el presidente Andr\u00e9s Manuel L\u00f3pez Obrador fuera duramente criticado por no haber instruido desde hace semanas trabajo desde casa y aislamiento voluntario.<\/p>\n<p>A partir de la declaraci\u00f3n de emergencia la reclusi\u00f3n se volvi\u00f3 obligatoria para los mayores de 60 a\u00f1os, personas con hipertensi\u00f3n, diabetes, enfermedades card\u00edacas o pulmonares y mujeres en embarazo y puerperio. La medida se extender\u00e1 hasta el 30 de abril. &#8220;Vemos ya una disminuci\u00f3n de 60% de movilidad (de las personas), pero todav\u00eda se puede reducir m\u00e1s\u201d, se\u00f1al\u00f3 L\u00f3pez-Gatell. No obstante, el funcionario destac\u00f3 la importancia de que contin\u00fae las actividades esenciales, vinculadas a la salud, la seguridad p\u00fablica, la protecci\u00f3n ciudadana, la defensa y la soberan\u00eda nacional, la procuraci\u00f3n e impartici\u00f3n de justicia y la actividad legislativa en los niveles estatal y federal. El presidente inform\u00f3 que habr\u00e1 un recorte en los sueldos de los altos funcionarios de gobierno. &#8220;Desde luego que vamos a hacer un esfuerzo los altos funcionarios p\u00fablicos, se van a reducir los sueldos en t\u00e9rminos reales. No van crecer, se congelan. Es decir, no hay aumento. (&#8230;) Va a ganar menos el Presidente, y as\u00ed hacia abajo\u201d, sostuvo L\u00f3pez Obrador.<\/p>\n<p>La secretar\u00eda de Salud estim\u00f3 que, en el peor escenario, M\u00e9xico podr\u00eda tener 250.000 contagiados, de los que 10.500 necesitar\u00e1n camas de terapia intensiva. El sistema p\u00fablico solo tiene 4.372. Aunque el Ej\u00e9rcito y la Marina ofrecieron su infraestructura, la cifra no aumentar\u00eda sustancialmente. Sin embargo las autoridades de la cartera de Salud esperan que con \u00faltimas disposiciones el crecimiento de la pandemia sea lento. Eso ayudar\u00eda a que los servicios hospitalarios no se saturen.<\/p>\n","protected":false},"excerpt":{"rendered":"<p>La medida obliga al sector p\u00fablico y privado a suspender de manera inmediata todas las actividades no esenciales. El presidente Andr\u00e9s Manuel L\u00f3pez Obrador asegur\u00f3 que no rescatar\u00e1 a las grandes empresas &nbsp; &nbsp; El gobierno de M\u00e9xico declar\u00f3 la emergencia sanitaria por causa de fuerza mayor. La medida obliga a los sectores p\u00fablico y privado a suspender de manera inmediata todas las actividades no esenciales. Las empresas que se nieguen a respetar los derechos de los trabajadores y que operen mientras dura la emergencia enfrentar\u00e1n desde multas hasta responsabilidades&#8230;<\/p>\n","protected":false},"author":3,"featured_media":59861,"comment_status":"closed","ping_status":"closed","sticky":false,"template":"","format":"standard","meta":[],"categories":[4],"tags":[],"_links":{"self":[{"href":"https:\/\/www.actualidadadiario.com\/index.php\/wp-json\/wp\/v2\/posts\/59860"}],"collection":[{"href":"https:\/\/www.actualidadadiario.com\/index.php\/wp-json\/wp\/v2\/posts"}],"about":[{"href":"https:\/\/www.actualidadadiario.com\/index.php\/wp-json\/wp\/v2\/types\/post"}],"author":[{"embeddable":true,"href":"https:\/\/www.actualidadadiario.com\/index.php\/wp-json\/wp\/v2\/users\/3"}],"replies":[{"embeddable":true,"href":"https:\/\/www.actualidadadiario.com\/index.php\/wp-json\/wp\/v2\/comments?post=59860"}],"version-history":[{"count":1,"href":"https:\/\/www.actualidadadiario.com\/index.php\/wp-json\/wp\/v2\/posts\/59860\/revisions"}],"predecessor-version":[{"id":59862,"href":"https:\/\/www.actualidadadiario.com\/index.php\/wp-json\/wp\/v2\/posts\/59860\/revisions\/59862"}],"wp:featuredmedia":[{"embeddable":true,"href":"https:\/\/www.actualidadadiario.com\/index.php\/wp-json\/wp\/v2\/media\/59861"}],"wp:attachment":[{"href":"https:\/\/www.actualidadadiario.com\/index.php\/wp-json\/wp\/v2\/media?parent=59860"}],"wp:term":[{"taxonomy":"category","embeddable":true,"href":"https:\/\/www.actualidadadiario.com\/index.php\/wp-json\/wp\/v2\/categories?post=59860"},{"taxonomy":"post_tag","embeddable":true,"href":"https:\/\/www.actualidadadiario.com\/index.php\/wp-json\/wp\/v2\/tags?post=59860"}],"curies":[{"name":"wp","href":"https:\/\/api.w.org\/{rel}","templated":true}]}}