{"id":59854,"date":"2020-04-01T13:55:27","date_gmt":"2020-04-01T16:55:27","guid":{"rendered":"https:\/\/www.actualidadadiario.com\/?p=59854"},"modified":"2020-04-01T13:55:27","modified_gmt":"2020-04-01T16:55:27","slug":"brasil-aislamiento-politico-en-vez-de-aislamiento-social","status":"publish","type":"post","link":"https:\/\/www.actualidadadiario.com\/index.php\/2020\/04\/01\/brasil-aislamiento-politico-en-vez-de-aislamiento-social\/","title":{"rendered":"Brasil: Aislamiento pol\u00edtico en vez de aislamiento social"},"content":{"rendered":"<p style=\"text-align: center;\"><em><strong>El ministro de Justicia\u00a0 y el Econom\u00eda unieron fuerzas alrededor de su colega de Salud, Luiz Henrique Mandetta, en defensa del aislamiento que Bolsonaro tanto critica<\/strong><\/em><\/p>\n<p>&nbsp;<\/p>\n<p>&nbsp;<\/p>\n<p>Enemigo obcecado y radical del aislamiento social recomendado en todo el mundo,\u00a0 empezando por la Organizaci\u00f3n Mundial de Salud, el ultraderechista Jair Bolsonaro pas\u00f3 a experimentar cada vez m\u00e1s el aislamiento pol\u00edtico en Brasil.<\/p>\n<p>Ayer esa situaci\u00f3n se confirm\u00f3 cuando otros dos ministros, el de Justicia, Sergio Moro (uno de los responsables directos de la llegada de Bolsonaro a la presidencia), y de Econom\u00eda, el exfuncionario pinochetista Paulo Guedes, unieron fuerzas alrededor de su colega de Salud, Luiz Henrique Mandetta, en defensa del aislamiento que Bolsonaro tanto critica. Por si fuera poco, a ellos se sumaron el presidente del Supremo Tribunal Federal, Jos\u00e9 Antonio Dias Toffoli, y el Fiscal General de la Rep\u00fablica, Augusto Aras.<\/p>\n<p>Como antes los presidentes de la C\u00e1mara y del Senado, y hasta el propio vicepresidente de la Rep\u00fablica ya hab\u00edan dado su pleno respaldo a Mandetta, Bolsonaro cuenta ahora con una base de apoyo restringida al sector llamado \u201cn\u00facleo ideol\u00f3gico\u201d de su gobierno, integrado por radicales de extrema-derecha sin mayor peso pol\u00edtico, y por el tr\u00edo de hijos descontrolados que lo rodean e incentivan a mantener (y hasta extremar a\u00fan m\u00e1s) sus posiciones que van en contra de lo que determina la ciencia, la medicina y la racionalidad.<\/p>\n<p>En resumen, el cuadro puede ser definido de la siguiente manera: de un lado, el m\u00e9dico que ocupa el ministerio de Salud. Del otro, el presidente. Uno defiende el aislamiento social como forma principal de intentar contener la expansi\u00f3n del coronavirus en el pa\u00eds. El otro defiende un aislamiento vertical, o sea, restringido a los mayores de sesenta a\u00f1os y a grupos considerados de riesgo por enfermedades anteriores, y que se suspenda toda y cualquier cuarentena en Brasil.<\/p>\n<p>Los ministros considerados los principales del gobierno se sumaron a su colega de Salud. Moro, a prop\u00f3sito, ha ido m\u00e1s lejos: asegur\u00f3 que la Fuerza Nacional de Seguridad, que re\u00fane una especie de tropa de elite bajo su control, est\u00e1 a las \u00f3rdenes de Mandetta para actuar donde se haga necesario, es decir, donde ocurran saqueos y actos de violencia pero tambi\u00e9n donde se dejen de cumplir las determinaciones de las autoridades provinciales y municipales de aislamiento social.<\/p>\n<p>Pese al aislamiento evidente, Bolsonaro decidi\u00f3 doblar la apuesta. Un d\u00eda despu\u00e9s de haber neutralizado el protagonismo de su ministro de Salud, forz\u00e1ndolo a dirigirse a los medios de comunicaci\u00f3n en el palacio presidencial bajo la supuesta coordinaci\u00f3n de un general que sabe de salud lo que s\u00e9 yo del idioma germ\u00e1nico, afirm\u00f3 ayer a periodistas que el presidente de la Organizaci\u00f3n Mundial de Salud, Tedros Adhanom Gebreyesus, coincid\u00eda con \u00e9l en estar en contra del aislamiento social horizontal, que alcanza a todos.<\/p>\n<p>En una clara muestra de su noci\u00f3n de honestidad, manipul\u00f3 de manera absurda las palabras del presidente de la OMS, que tard\u00f3 unos quince minutos en desmentirlo. Al distorsionar las palabras de Gebreyesus, Bolsonaro sigui\u00f3 los concejos de su \u201cgabinete del odio\u201d controlado por sus hijos, con destaque para Carlos, concejal de Rio que ahora tiene sala en el palacio presidencial y es cari\u00f1osamente tratado por su pap\u00e1 como \u201cmi pitbull\u201d. Resulta imposible saber hasta d\u00f3nde el desequilibrado ultraderechista extender\u00e1 una irresponsabilidad que roza la criminalidad.<\/p>\n<p>Ayer, a prop\u00f3sito, \u00e9l estaba especialmente activo y entusiasmado. Es que el 31 de marzo marca el aniversario del golpe militar de 1964, que instal\u00f3 en Brasil una macabra dictadura que dur\u00f3 21 a\u00f1os. Tanto Bolsonaro como los militares que lo rodean son firm\u00edsimos admiradores tanto del golpe como de lo que vino despu\u00e9s.<\/p>\n<p>A prop\u00f3sito de la larga noche que sofoc\u00f3 la democracia brasile\u00f1a, Bolsonaro jam\u00e1s dej\u00f3 de elogiar a dictadores y torturadores. Hubo, es verdad, una \u00fanica excepci\u00f3n: cierta vez, cuando no era m\u00e1s que un obscuro diputado nacional, Bolsonaro admiti\u00f3 que la tortura haya sido quiz\u00e1 una exageraci\u00f3n innecesaria. Y a\u00f1adi\u00f3: \u201cMejor hubiera sido matar de una vez a unos treinta mil, a empezar por el expresidente Fernando Henrique Cardoso\u201d.<\/p>\n<p>Semejante bestia ahora preside Brasil. Hasta cu\u00e1ndo, nadie sabe.<\/p>\n","protected":false},"excerpt":{"rendered":"<p>El ministro de Justicia\u00a0 y el Econom\u00eda unieron fuerzas alrededor de su colega de Salud, Luiz Henrique Mandetta, en defensa del aislamiento que Bolsonaro tanto critica &nbsp; &nbsp; Enemigo obcecado y radical del aislamiento social recomendado en todo el mundo,\u00a0 empezando por la Organizaci\u00f3n Mundial de Salud, el ultraderechista Jair Bolsonaro pas\u00f3 a experimentar cada vez m\u00e1s el aislamiento pol\u00edtico en Brasil. Ayer esa situaci\u00f3n se confirm\u00f3 cuando otros dos ministros, el de Justicia, Sergio Moro (uno de los responsables directos de la llegada de Bolsonaro a la presidencia), y&#8230;<\/p>\n","protected":false},"author":3,"featured_media":59855,"comment_status":"closed","ping_status":"closed","sticky":false,"template":"","format":"standard","meta":[],"categories":[4],"tags":[],"_links":{"self":[{"href":"https:\/\/www.actualidadadiario.com\/index.php\/wp-json\/wp\/v2\/posts\/59854"}],"collection":[{"href":"https:\/\/www.actualidadadiario.com\/index.php\/wp-json\/wp\/v2\/posts"}],"about":[{"href":"https:\/\/www.actualidadadiario.com\/index.php\/wp-json\/wp\/v2\/types\/post"}],"author":[{"embeddable":true,"href":"https:\/\/www.actualidadadiario.com\/index.php\/wp-json\/wp\/v2\/users\/3"}],"replies":[{"embeddable":true,"href":"https:\/\/www.actualidadadiario.com\/index.php\/wp-json\/wp\/v2\/comments?post=59854"}],"version-history":[{"count":1,"href":"https:\/\/www.actualidadadiario.com\/index.php\/wp-json\/wp\/v2\/posts\/59854\/revisions"}],"predecessor-version":[{"id":59856,"href":"https:\/\/www.actualidadadiario.com\/index.php\/wp-json\/wp\/v2\/posts\/59854\/revisions\/59856"}],"wp:featuredmedia":[{"embeddable":true,"href":"https:\/\/www.actualidadadiario.com\/index.php\/wp-json\/wp\/v2\/media\/59855"}],"wp:attachment":[{"href":"https:\/\/www.actualidadadiario.com\/index.php\/wp-json\/wp\/v2\/media?parent=59854"}],"wp:term":[{"taxonomy":"category","embeddable":true,"href":"https:\/\/www.actualidadadiario.com\/index.php\/wp-json\/wp\/v2\/categories?post=59854"},{"taxonomy":"post_tag","embeddable":true,"href":"https:\/\/www.actualidadadiario.com\/index.php\/wp-json\/wp\/v2\/tags?post=59854"}],"curies":[{"name":"wp","href":"https:\/\/api.w.org\/{rel}","templated":true}]}}