{"id":59849,"date":"2020-04-01T13:53:46","date_gmt":"2020-04-01T16:53:46","guid":{"rendered":"https:\/\/www.actualidadadiario.com\/?p=59849"},"modified":"2020-04-01T13:53:46","modified_gmt":"2020-04-01T16:53:46","slug":"cafiero-encabeza-nueva-reunion-del-gabinete-economico","status":"publish","type":"post","link":"https:\/\/www.actualidadadiario.com\/index.php\/2020\/04\/01\/cafiero-encabeza-nueva-reunion-del-gabinete-economico\/","title":{"rendered":"Cafiero encabeza nueva reuni\u00f3n del gabinete econ\u00f3mico"},"content":{"rendered":"<p style=\"text-align: center;\"><em><strong>Con foco en las medidas por la pandemia, el encuentro comenz\u00f3 a las 11 en la Casa Rosada. Contin\u00faa uno realizado ayer en la residencia de Olivos<\/strong><\/em><\/p>\n<p>&nbsp;<\/p>\n<p>&nbsp;<\/p>\n<p>El jefe de Gabinete, Santiago Cafiero, encabeza hoy una nueva reuni\u00f3n del gabinete econ\u00f3mico, que viene realizando el seguimiento de las medidas de contenci\u00f3n adoptadas para proteger a los sectores m\u00e1s castigados por el avance del coronavirus, como las pymes, informaron fuentes oficiales.<\/p>\n<p>La reuni\u00f3n, que contin\u00faa una realizada ayer en la residencia de Olivos, comenz\u00f3 a las 11 en la Casa Rosada, donde Cafiero desarrolla su actividad en la jornada de hoy.<\/p>\n<p>Participan del encuentro la vicejefa de Gabinete, Cecilia Todesca; y los ministros de Econom\u00eda, Mart\u00edn Guzm\u00e1n; de Trabajo, Claudio Moroni; y de Desarrollo Productivo, Mat\u00edas Kulfas.<\/p>\n<p>Tambi\u00e9n asisten el titular del Banco Central, Miguel Pesce; y de la Afip, Mercedes Marc\u00f3 del Pont.<\/p>\n","protected":false},"excerpt":{"rendered":"<p>Con foco en las medidas por la pandemia, el encuentro comenz\u00f3 a las 11 en la Casa Rosada. Contin\u00faa uno realizado ayer en la residencia de Olivos &nbsp; &nbsp; El jefe de Gabinete, Santiago Cafiero, encabeza hoy una nueva reuni\u00f3n del gabinete econ\u00f3mico, que viene realizando el seguimiento de las medidas de contenci\u00f3n adoptadas para proteger a los sectores m\u00e1s castigados por el avance del coronavirus, como las pymes, informaron fuentes oficiales. La reuni\u00f3n, que contin\u00faa una realizada ayer en la residencia de Olivos, comenz\u00f3 a las 11 en la&#8230;<\/p>\n","protected":false},"author":3,"featured_media":58026,"comment_status":"closed","ping_status":"closed","sticky":false,"template":"","format":"standard","meta":[],"categories":[18],"tags":[],"_links":{"self":[{"href":"https:\/\/www.actualidadadiario.com\/index.php\/wp-json\/wp\/v2\/posts\/59849"}],"collection":[{"href":"https:\/\/www.actualidadadiario.com\/index.php\/wp-json\/wp\/v2\/posts"}],"about":[{"href":"https:\/\/www.actualidadadiario.com\/index.php\/wp-json\/wp\/v2\/types\/post"}],"author":[{"embeddable":true,"href":"https:\/\/www.actualidadadiario.com\/index.php\/wp-json\/wp\/v2\/users\/3"}],"replies":[{"embeddable":true,"href":"https:\/\/www.actualidadadiario.com\/index.php\/wp-json\/wp\/v2\/comments?post=59849"}],"version-history":[{"count":1,"href":"https:\/\/www.actualidadadiario.com\/index.php\/wp-json\/wp\/v2\/posts\/59849\/revisions"}],"predecessor-version":[{"id":59850,"href":"https:\/\/www.actualidadadiario.com\/index.php\/wp-json\/wp\/v2\/posts\/59849\/revisions\/59850"}],"wp:featuredmedia":[{"embeddable":true,"href":"https:\/\/www.actualidadadiario.com\/index.php\/wp-json\/wp\/v2\/media\/58026"}],"wp:attachment":[{"href":"https:\/\/www.actualidadadiario.com\/index.php\/wp-json\/wp\/v2\/media?parent=59849"}],"wp:term":[{"taxonomy":"category","embeddable":true,"href":"https:\/\/www.actualidadadiario.com\/index.php\/wp-json\/wp\/v2\/categories?post=59849"},{"taxonomy":"post_tag","embeddable":true,"href":"https:\/\/www.actualidadadiario.com\/index.php\/wp-json\/wp\/v2\/tags?post=59849"}],"curies":[{"name":"wp","href":"https:\/\/api.w.org\/{rel}","templated":true}]}}