{"id":59846,"date":"2020-04-01T13:53:06","date_gmt":"2020-04-01T16:53:06","guid":{"rendered":"https:\/\/www.actualidadadiario.com\/?p=59846"},"modified":"2020-04-01T13:53:06","modified_gmt":"2020-04-01T16:53:06","slug":"la-camara-de-diputados-retoma-las-actividades-virtuales-con-daniel-arroyo-y-gines-gonzalez-garcia","status":"publish","type":"post","link":"https:\/\/www.actualidadadiario.com\/index.php\/2020\/04\/01\/la-camara-de-diputados-retoma-las-actividades-virtuales-con-daniel-arroyo-y-gines-gonzalez-garcia\/","title":{"rendered":"La C\u00e1mara de Diputados retoma las actividades virtuales con Daniel Arroyo y Gin\u00e9s Gonz\u00e1lez Garc\u00eda"},"content":{"rendered":"<p style=\"text-align: center;\"><em><strong>Los funcionarios expondr\u00e1n sobre las \u00e1reas clave en medio de la crisis por la pandemia de coronavirus por videconferencia<\/strong><\/em><\/p>\n<p>&nbsp;<\/p>\n<p>&nbsp;<\/p>\n<p>La C\u00e1mara de Diputados retomar\u00e1 este mi\u00e9rcoles 1 de abril las actividades en formar virtual con la comisi\u00f3n de Acci\u00f3n Social y Salud P\u00fablica que realizar\u00e1 una videoconferencia con los ministros de Desarrollo Social, Daniel Arroyo, y de Salud, Gin\u00e9s Gonz\u00e1lez Garc\u00eda. La reuni\u00f3n se dar\u00e1 luego de la extensi\u00f3n del aislamiento preventivo y obligatorio, anunciado por el presidente Alberto Fern\u00e1ndez. Ambos funcionarios encabezan las tareas de prevenci\u00f3n del coronavirus y de atenci\u00f3n a los sectores m\u00e1s carenciados.<\/p>\n<p>A las 16 comenzar\u00e1 la primera conexi\u00f3n con el ministro de Desarrollo Social y la segunda ser\u00e1 a las 18 con el responsable de la cartera de Salud. La comisi\u00f3n presidida por Pablo Yedlin cuenta con un total 35 integrantes, que se conectar\u00e1n para escuchar y formular preguntas a los funcionarios de dos \u00e1reas clave en medio de la crisis por la pandemia de coronavirus.<\/p>\n<p>Seg\u00fan public\u00f3 Noticias Argentinas, el legislador tucumano espera que la mayor\u00eda de los integrantes est\u00e9 en condiciones de conectarse a la videoconferencia que, adem\u00e1s, ser\u00e1 transmitida a trav\u00e9s de la web de Diputados. &#8220;Es muy importante que el Congreso, a pesar de la situaci\u00f3n de aislamiento, siga trabajando. Es una decisi\u00f3n firme del presidente de la C\u00e1mara (baja, Sergio Massa) y de todos los diputados, compartida por todos los bloques&#8221;, destac\u00f3 Yedlin.<\/p>\n<p>El presidente de la comisi\u00f3n de Salud valor\u00f3 &#8220;la predisposici\u00f3n&#8221; y &#8220;la actitud abierta y democr\u00e1tica&#8221; del Poder Ejecutivo a concurrir al Congreso y &#8220;conversar con la oposici\u00f3n&#8221; pol\u00edtica, una situaci\u00f3n que, a su criterio, &#8220;era extra\u00f1a en el Gobierno anterior, salvo las visitas del jefe de Gabinete&#8221; Marcos Pe\u00f1a.<\/p>\n<p>Sin embargo, aprovech\u00f3 parar elogiar a la oposici\u00f3n por &#8220;entender la situaci\u00f3n de crisis que viven los argentinos y que no es s\u00f3lo econ\u00f3mica sino sanitaria. M\u00e1s all\u00e1 de que pueden haber visiones distintas, lo importante es poder expresarlas y acompa\u00f1ar las decisiones que toma el Estado por el bien de todos&#8221;.<\/p>\n<p>La C\u00e1mara de Diputados inici\u00f3 las actividades de forma virtual el pasado lunes 30 de marzo con la exposici\u00f3n del ministro de Educaci\u00f3n, Nicol\u00e1s Trotta, quien dialog\u00f3 sobre los resultados del sistema de educaci\u00f3n a distancia que se pone en pr\u00e1ctica por estas horas, debido a la suspensi\u00f3n de las clases presenciales por la pandemia.<\/p>\n","protected":false},"excerpt":{"rendered":"<p>Los funcionarios expondr\u00e1n sobre las \u00e1reas clave en medio de la crisis por la pandemia de coronavirus por videconferencia &nbsp; &nbsp; La C\u00e1mara de Diputados retomar\u00e1 este mi\u00e9rcoles 1 de abril las actividades en formar virtual con la comisi\u00f3n de Acci\u00f3n Social y Salud P\u00fablica que realizar\u00e1 una videoconferencia con los ministros de Desarrollo Social, Daniel Arroyo, y de Salud, Gin\u00e9s Gonz\u00e1lez Garc\u00eda. La reuni\u00f3n se dar\u00e1 luego de la extensi\u00f3n del aislamiento preventivo y obligatorio, anunciado por el presidente Alberto Fern\u00e1ndez. Ambos funcionarios encabezan las tareas de prevenci\u00f3n del&#8230;<\/p>\n","protected":false},"author":3,"featured_media":59847,"comment_status":"closed","ping_status":"closed","sticky":false,"template":"","format":"standard","meta":[],"categories":[18],"tags":[],"_links":{"self":[{"href":"https:\/\/www.actualidadadiario.com\/index.php\/wp-json\/wp\/v2\/posts\/59846"}],"collection":[{"href":"https:\/\/www.actualidadadiario.com\/index.php\/wp-json\/wp\/v2\/posts"}],"about":[{"href":"https:\/\/www.actualidadadiario.com\/index.php\/wp-json\/wp\/v2\/types\/post"}],"author":[{"embeddable":true,"href":"https:\/\/www.actualidadadiario.com\/index.php\/wp-json\/wp\/v2\/users\/3"}],"replies":[{"embeddable":true,"href":"https:\/\/www.actualidadadiario.com\/index.php\/wp-json\/wp\/v2\/comments?post=59846"}],"version-history":[{"count":1,"href":"https:\/\/www.actualidadadiario.com\/index.php\/wp-json\/wp\/v2\/posts\/59846\/revisions"}],"predecessor-version":[{"id":59848,"href":"https:\/\/www.actualidadadiario.com\/index.php\/wp-json\/wp\/v2\/posts\/59846\/revisions\/59848"}],"wp:featuredmedia":[{"embeddable":true,"href":"https:\/\/www.actualidadadiario.com\/index.php\/wp-json\/wp\/v2\/media\/59847"}],"wp:attachment":[{"href":"https:\/\/www.actualidadadiario.com\/index.php\/wp-json\/wp\/v2\/media?parent=59846"}],"wp:term":[{"taxonomy":"category","embeddable":true,"href":"https:\/\/www.actualidadadiario.com\/index.php\/wp-json\/wp\/v2\/categories?post=59846"},{"taxonomy":"post_tag","embeddable":true,"href":"https:\/\/www.actualidadadiario.com\/index.php\/wp-json\/wp\/v2\/tags?post=59846"}],"curies":[{"name":"wp","href":"https:\/\/api.w.org\/{rel}","templated":true}]}}