{"id":59843,"date":"2020-04-01T13:52:24","date_gmt":"2020-04-01T16:52:24","guid":{"rendered":"https:\/\/www.actualidadadiario.com\/?p=59843"},"modified":"2020-04-01T13:52:24","modified_gmt":"2020-04-01T16:52:24","slug":"miguel-angel-toma-dejara-de-representar-a-la-anses-por-techint","status":"publish","type":"post","link":"https:\/\/www.actualidadadiario.com\/index.php\/2020\/04\/01\/miguel-angel-toma-dejara-de-representar-a-la-anses-por-techint\/","title":{"rendered":"Miguel \u00c1ngel Toma dejar\u00e1 de representar a la Anses por Techint"},"content":{"rendered":"<p style=\"text-align: center;\"><em><strong>El mandato del ex titular de la SIDE designado por Macri venci\u00f3 en diciembre. Por la cuarentena, no se pudo designar a su sucesor<\/strong><\/em><\/p>\n<p>&nbsp;<\/p>\n<p>&nbsp;<\/p>\n<p>Miguel \u00c1ngel Toma, director designado por el Estado en el Grupo Techint durante el Gobierno de Mauricio Macri, seguir\u00e1 en su cargo hasta que finalice el aislamiento obligatorio. Las demoras propias del Estado, los reglamentos de las empresas en las que la Anses tiene acciones y las medidas tomadas por el Ejecutivo para frenar el avance del coronavirus le jugaron una mala pasada al Gobierno que deber\u00e1 tolerar a las autoridades designadas por Cambiemos hasta que las actividades se reanuden.<\/p>\n<p>El titular de la Anses, Alejandro Vanoli, asegur\u00f3 que el Estado no tiene chance de remediar la situaci\u00f3n en lo inmediato y confirm\u00f3 que despu\u00e9s de que concluya la cuarentena el ex titular de la SIDE dejar\u00e1 su cargo en Techint. En ese sentido el funcionario detall\u00f3 que \u201csi bien Toma tiene el mandato vencido continuar\u00e1 en el cargo hasta que la Asamblea de accionistas lo reemplace, porque no se pudo designar al nuevo director\u201d, y agreg\u00f3: \u201cNo pudo designarse el nuevo porque no hubo asamblea. Se iba a hacer la \u00faltima semana de marzo pero las actividades est\u00e1n todas suspendidas por el aislamiento. As\u00ed que se tendr\u00e1 que convocar a una nueva asamblea\u201d.<\/p>\n<p>Si bien las miradas recayeron sobre el ex titular de la SIDE que justific\u00f3 la decisi\u00f3n del Grupo Techint de despedir a 1400 trabajadores, lo cierto es que muchos de los directores nombrados por el macrismo a\u00fan est\u00e1n en funciones.<\/p>\n<p>Toma argument\u00f3 que \u201cla empresa suspendi\u00f3 obras privadas y siguiendo el convenio colectivo dio de baja a los trabajadores. Cuando se reanude la obra se los volver\u00e1 a contratar. Esto no merece pol\u00e9mica: suspendimos trabajadores amparados en el convenio colectivo\u201d. En ese marco el ex funcionario Duhaldista tambi\u00e9n se\u00f1al\u00f3 que \u201cTechint va a tratar de buscar los mecanismos para revertir la medida de las suspensiones\u201d y aclar\u00f3: \u201cEstoy tan compungido como cualquiera por esta situaci\u00f3n, pero actuamos dentro de la ley\u201d.<\/p>\n<p>Por su parte, Vanoli record\u00f3 que cuando asumi\u00f3 como Director Ejecutivo, les pidi\u00f3 la renuncia a todos los Directores que representaban al organismo en las empresas en las que el Fondo de Garant\u00eda de Sustentabilidad tiene acciones y, cuyos nombramientos hab\u00edan estado a cargo de la gesti\u00f3n anterior y que casi todos presentaron renuncias, con excepci\u00f3n de dos casos.<\/p>\n<p>En la misma sinton\u00eda, desde el Ejecutivo aclararon que \u201cToma, como la mayor\u00eda de los directores designados por el Estado, ya tiene el mandato cumplido. Al resto se les pidi\u00f3 la renuncia\u201d. En ese marco s\u00f3lo dos directores han decido \u201catrincherarse\u201d: Javier Peire en el Grupo Concesionario del Oeste S.A, y Santiago Alberdi en Pampa Energ\u00eda S.A. El resto espera la realizaci\u00f3n de la asambleas para su remplazo.<\/p>\n<p>El funcionario, por su parte, le explic\u00f3 a este diario que la situaci\u00f3n en general se podr\u00e1 comenzar a normalizar cuando se levante el aislamiento obligatorio. \u201cLa situaci\u00f3n no la podemos resolver hasta que termine la cuarentena. Est\u00e1n suspendidas todas las actividades. Reci\u00e9n despu\u00e9s del 12 abril se volver\u00e1n a realizar las convocatorias de las asambleas para designar a los nuevos directores\u201d. En tanto, respecto a los dos directores designados por el Gobierno de Cambiemos que no quieren dejar su cargo el titular de la Anses se\u00f1al\u00f3: \u201cHabr\u00eda que ver el mecanismo judicial a trav\u00e9s de la ley de sociedades que les impida seguir. Eso ya ser\u00e1 un pelea judicial importante\u201d.<\/p>\n<p>La Anses es accionista minoritario en todas las empresas en las que el Fondo de Garant\u00eda de Sustentabilidad (FGS) tiene participaci\u00f3n. Por lo tanto no tiene facultades para modificar de ninguna manera el funcionamiento societario. Sin embargo, es imposible minimizar el rol pol\u00edtico de un director designado por el Gobierno de turno en medio de una crisis como la que soporta la Argentina en la actualidad.<\/p>\n<p>La situaci\u00f3n que se hizo visible en Techint a partir de las declaraciones de Toma se repite en muchas de las empresas m\u00e1s grandes de la Argentina. Por ejemplo En Aluar, el director en representaci\u00f3n de la Anses es Alejandro Fargosi, en Camuzzi, Jos\u00e9 Torello, y en Migor, la firma que est\u00e1 bajo la tutela de Nicol\u00e1s Caputo, I\u00f1aki Arreseygor. Todos nombrados en la era Cambiemos.<\/p>\n<p>Cada uno de estos directores, seg\u00fan confirmaron dos fuentes empresarias, cobran entre 350 mil y 600 mil pesos dependiendo del tama\u00f1o de la empresa y del rubro en el que se desempe\u00f1e.<\/p>\n","protected":false},"excerpt":{"rendered":"<p>El mandato del ex titular de la SIDE designado por Macri venci\u00f3 en diciembre. Por la cuarentena, no se pudo designar a su sucesor &nbsp; &nbsp; Miguel \u00c1ngel Toma, director designado por el Estado en el Grupo Techint durante el Gobierno de Mauricio Macri, seguir\u00e1 en su cargo hasta que finalice el aislamiento obligatorio. Las demoras propias del Estado, los reglamentos de las empresas en las que la Anses tiene acciones y las medidas tomadas por el Ejecutivo para frenar el avance del coronavirus le jugaron una mala pasada al&#8230;<\/p>\n","protected":false},"author":3,"featured_media":59844,"comment_status":"closed","ping_status":"closed","sticky":false,"template":"","format":"standard","meta":[],"categories":[18],"tags":[],"_links":{"self":[{"href":"https:\/\/www.actualidadadiario.com\/index.php\/wp-json\/wp\/v2\/posts\/59843"}],"collection":[{"href":"https:\/\/www.actualidadadiario.com\/index.php\/wp-json\/wp\/v2\/posts"}],"about":[{"href":"https:\/\/www.actualidadadiario.com\/index.php\/wp-json\/wp\/v2\/types\/post"}],"author":[{"embeddable":true,"href":"https:\/\/www.actualidadadiario.com\/index.php\/wp-json\/wp\/v2\/users\/3"}],"replies":[{"embeddable":true,"href":"https:\/\/www.actualidadadiario.com\/index.php\/wp-json\/wp\/v2\/comments?post=59843"}],"version-history":[{"count":1,"href":"https:\/\/www.actualidadadiario.com\/index.php\/wp-json\/wp\/v2\/posts\/59843\/revisions"}],"predecessor-version":[{"id":59845,"href":"https:\/\/www.actualidadadiario.com\/index.php\/wp-json\/wp\/v2\/posts\/59843\/revisions\/59845"}],"wp:featuredmedia":[{"embeddable":true,"href":"https:\/\/www.actualidadadiario.com\/index.php\/wp-json\/wp\/v2\/media\/59844"}],"wp:attachment":[{"href":"https:\/\/www.actualidadadiario.com\/index.php\/wp-json\/wp\/v2\/media?parent=59843"}],"wp:term":[{"taxonomy":"category","embeddable":true,"href":"https:\/\/www.actualidadadiario.com\/index.php\/wp-json\/wp\/v2\/categories?post=59843"},{"taxonomy":"post_tag","embeddable":true,"href":"https:\/\/www.actualidadadiario.com\/index.php\/wp-json\/wp\/v2\/tags?post=59843"}],"curies":[{"name":"wp","href":"https:\/\/api.w.org\/{rel}","templated":true}]}}