{"id":59841,"date":"2020-04-01T13:51:41","date_gmt":"2020-04-01T16:51:41","guid":{"rendered":"https:\/\/www.actualidadadiario.com\/?p=59841"},"modified":"2020-04-01T13:51:41","modified_gmt":"2020-04-01T16:51:41","slug":"gines-confirmo-que-la-salida-de-la-cuarentena-se-concretara-por-sectores","status":"publish","type":"post","link":"https:\/\/www.actualidadadiario.com\/index.php\/2020\/04\/01\/gines-confirmo-que-la-salida-de-la-cuarentena-se-concretara-por-sectores\/","title":{"rendered":"Gin\u00e9s confirm\u00f3 que la salida de la cuarentena se concretar\u00e1 por sectores"},"content":{"rendered":"<p style=\"text-align: center;\"><em><strong>El ministro de Salud, Gin\u00e9s Gonz\u00e1lez Garc\u00eda, remarc\u00f3 que &#8220;es necesaria una salida gradual&#8221; de la cuarentena general y se\u00f1al\u00f3 que ya se est\u00e1 trabajando en ver &#8220;qu\u00e9 actividades productivas podr\u00edan empezar&#8221; a retomar el ritmo de trabajo debido a que los empleados de esos sectores son &#8220;menos vulnerables&#8221; ante el coronavirus<\/strong><\/em><\/p>\n<p>&nbsp;<\/p>\n<p>&#8220;Es necesario una salida gradual. Uno no puede salir de un d\u00eda para el otro de una cosa de este tipo como si nada hubiese pasado y todos volvemos a hacer las actividades de antes; pero tampoco se puede tener paralizada permanentemente una sociedad. Vamos a salir gradualmente, pero no s\u00e9 la forma, porque depende de la evoluci\u00f3n&#8221;, sostuvo el funcionario.<\/p>\n<p>El per\u00edodo de aislamiento social, preventivo y obligatorio fue extendido por el presidente Alberto Fern\u00e1ndez hasta el domingo 12 de abril, luego de recibir esa recomendaci\u00f3n por parte de expertos y de acordar la medida con los gobernadores.<\/p>\n<p>En di\u00e1logo con Radio La Red, el titular de la cartera sanitaria explic\u00f3 que una forma de hacer esa &#8220;salida gradual&#8221; ser\u00eda que &#8220;algunos grupos menos vulnerables tengan m\u00e1s permisividad&#8221; para salir y regresar a sus puestos de trabajo.<\/p>\n<p>&#8220;Ya hay un grupo trabajando en esto, ver en qu\u00e9 actividades productivas hay m\u00e1s gente joven o con menos riesgo y podr\u00edan empezar&#8221;, a\u00f1adi\u00f3 Gonz\u00e1lez Garc\u00eda.<\/p>\n<p>En ese sentido, se\u00f1al\u00f3 que la reactivaci\u00f3n econ\u00f3mica tras el aislamiento social, preventivo y obligatorio &#8220;es preocupaci\u00f3n permanente del Gabinete&#8221;.<\/p>\n<p>Asimismo, el ministro de Salud reconoci\u00f3 que se eval\u00faa avanzar con los &#8220;aislamientos geogr\u00e1ficos&#8221;, para que la gente de determinadas zonas pueda transitar, pero sin salir del barrio: &#8220;Me preocupa la vulnerabilidad de personas que viven en hogares en los que no se puede cumplir el aislamiento&#8221;.<\/p>\n","protected":false},"excerpt":{"rendered":"<p>El ministro de Salud, Gin\u00e9s Gonz\u00e1lez Garc\u00eda, remarc\u00f3 que &#8220;es necesaria una salida gradual&#8221; de la cuarentena general y se\u00f1al\u00f3 que ya se est\u00e1 trabajando en ver &#8220;qu\u00e9 actividades productivas podr\u00edan empezar&#8221; a retomar el ritmo de trabajo debido a que los empleados de esos sectores son &#8220;menos vulnerables&#8221; ante el coronavirus &nbsp; &#8220;Es necesario una salida gradual. Uno no puede salir de un d\u00eda para el otro de una cosa de este tipo como si nada hubiese pasado y todos volvemos a hacer las actividades de antes; pero tampoco&#8230;<\/p>\n","protected":false},"author":3,"featured_media":58780,"comment_status":"closed","ping_status":"closed","sticky":false,"template":"","format":"standard","meta":[],"categories":[18],"tags":[],"_links":{"self":[{"href":"https:\/\/www.actualidadadiario.com\/index.php\/wp-json\/wp\/v2\/posts\/59841"}],"collection":[{"href":"https:\/\/www.actualidadadiario.com\/index.php\/wp-json\/wp\/v2\/posts"}],"about":[{"href":"https:\/\/www.actualidadadiario.com\/index.php\/wp-json\/wp\/v2\/types\/post"}],"author":[{"embeddable":true,"href":"https:\/\/www.actualidadadiario.com\/index.php\/wp-json\/wp\/v2\/users\/3"}],"replies":[{"embeddable":true,"href":"https:\/\/www.actualidadadiario.com\/index.php\/wp-json\/wp\/v2\/comments?post=59841"}],"version-history":[{"count":1,"href":"https:\/\/www.actualidadadiario.com\/index.php\/wp-json\/wp\/v2\/posts\/59841\/revisions"}],"predecessor-version":[{"id":59842,"href":"https:\/\/www.actualidadadiario.com\/index.php\/wp-json\/wp\/v2\/posts\/59841\/revisions\/59842"}],"wp:featuredmedia":[{"embeddable":true,"href":"https:\/\/www.actualidadadiario.com\/index.php\/wp-json\/wp\/v2\/media\/58780"}],"wp:attachment":[{"href":"https:\/\/www.actualidadadiario.com\/index.php\/wp-json\/wp\/v2\/media?parent=59841"}],"wp:term":[{"taxonomy":"category","embeddable":true,"href":"https:\/\/www.actualidadadiario.com\/index.php\/wp-json\/wp\/v2\/categories?post=59841"},{"taxonomy":"post_tag","embeddable":true,"href":"https:\/\/www.actualidadadiario.com\/index.php\/wp-json\/wp\/v2\/tags?post=59841"}],"curies":[{"name":"wp","href":"https:\/\/api.w.org\/{rel}","templated":true}]}}