{"id":59838,"date":"2020-04-01T13:50:58","date_gmt":"2020-04-01T16:50:58","guid":{"rendered":"https:\/\/www.actualidadadiario.com\/?p=59838"},"modified":"2020-04-01T13:50:58","modified_gmt":"2020-04-01T16:50:58","slug":"el-gobierno-prohibio-los-despidos-y-las-suspensiones-por-60-dias","status":"publish","type":"post","link":"https:\/\/www.actualidadadiario.com\/index.php\/2020\/04\/01\/el-gobierno-prohibio-los-despidos-y-las-suspensiones-por-60-dias\/","title":{"rendered":"El Gobierno prohibi\u00f3 los despidos y las suspensiones por 60 d\u00edas"},"content":{"rendered":"<p style=\"text-align: center;\"><em><strong>El decreto se\u00f1ala que se busca &#8220;evitar agravar en mayor medida los problemas que el aislamiento social, preventivo y obligatorio procura remediar&#8221;<\/strong><\/em><\/p>\n<p>&nbsp;<\/p>\n<p>&nbsp;<\/p>\n<p>El presidente Alberto Fern\u00e1ndez dispuso, a trav\u00e9s de un Decreto de Necesidad y Urgencia publicado anoche, la prohibici\u00f3n, por un per\u00edodo de 60 d\u00edas, de &#8220;los despidos sin justa causa y por las causales de falta o disminuci\u00f3n de trabajo y fuerza mayor&#8221;, como as\u00ed tambi\u00e9n las &#8220;suspensiones por las causales de fuerza mayor o falta o disminuci\u00f3n de trabajo&#8221;.<\/p>\n<p>As\u00ed lo hizo a trav\u00e9s del Decreto de Necesidad y Urgencia 329\/2020 anoche en un suplemento de la edici\u00f3n de hoy el Bolet\u00edn Oficial, con la firma del mandatario; del jefe de Gabinete, Santiago Cafiero y de los ministros, en el marco de las medidas que viene tomando el Ejecutivo para paliar el impacto econ\u00f3mico de la pandemia de coronavirus.<\/p>\n<p>&#8220;Resulta indispensable garantizar la conservaci\u00f3n de los puestos de trabajo por un plazo razonable, en aras de preservar la paz social y que ello solo ser\u00e1 posible si se transita la emergencia con un Di\u00e1logo Social en todos los niveles y no con medidas unilaterales&#8221;, asevera la norma en sus fundamentos.<\/p>\n<p>En este sentido, se\u00f1ala que decisiones de ese tipo no ser\u00edan &#8220;m\u00e1s que una forma de agravar en mayor medida los problemas que el aislamiento social, preventivo y obligatorio procura remediar&#8221;.<\/p>\n<p>En su art\u00edculo cuarto, el decreto publicado esta noche en una edici\u00f3n suplementaria del Bolet\u00edn Oficial de este jueves, establece que &#8220;los despidos y las suspensiones que se dispongan en violaci\u00f3n de lo dispuesto&#8221; en la norma, &#8220;no producir\u00e1n efecto alguno, manteni\u00e9ndose vigentes las relaciones laborales existentes y sus condiciones actuales&#8221;.<\/p>\n","protected":false},"excerpt":{"rendered":"<p>El decreto se\u00f1ala que se busca &#8220;evitar agravar en mayor medida los problemas que el aislamiento social, preventivo y obligatorio procura remediar&#8221; &nbsp; &nbsp; El presidente Alberto Fern\u00e1ndez dispuso, a trav\u00e9s de un Decreto de Necesidad y Urgencia publicado anoche, la prohibici\u00f3n, por un per\u00edodo de 60 d\u00edas, de &#8220;los despidos sin justa causa y por las causales de falta o disminuci\u00f3n de trabajo y fuerza mayor&#8221;, como as\u00ed tambi\u00e9n las &#8220;suspensiones por las causales de fuerza mayor o falta o disminuci\u00f3n de trabajo&#8221;. As\u00ed lo hizo a trav\u00e9s del&#8230;<\/p>\n","protected":false},"author":3,"featured_media":59839,"comment_status":"closed","ping_status":"closed","sticky":false,"template":"","format":"standard","meta":[],"categories":[18],"tags":[],"_links":{"self":[{"href":"https:\/\/www.actualidadadiario.com\/index.php\/wp-json\/wp\/v2\/posts\/59838"}],"collection":[{"href":"https:\/\/www.actualidadadiario.com\/index.php\/wp-json\/wp\/v2\/posts"}],"about":[{"href":"https:\/\/www.actualidadadiario.com\/index.php\/wp-json\/wp\/v2\/types\/post"}],"author":[{"embeddable":true,"href":"https:\/\/www.actualidadadiario.com\/index.php\/wp-json\/wp\/v2\/users\/3"}],"replies":[{"embeddable":true,"href":"https:\/\/www.actualidadadiario.com\/index.php\/wp-json\/wp\/v2\/comments?post=59838"}],"version-history":[{"count":1,"href":"https:\/\/www.actualidadadiario.com\/index.php\/wp-json\/wp\/v2\/posts\/59838\/revisions"}],"predecessor-version":[{"id":59840,"href":"https:\/\/www.actualidadadiario.com\/index.php\/wp-json\/wp\/v2\/posts\/59838\/revisions\/59840"}],"wp:featuredmedia":[{"embeddable":true,"href":"https:\/\/www.actualidadadiario.com\/index.php\/wp-json\/wp\/v2\/media\/59839"}],"wp:attachment":[{"href":"https:\/\/www.actualidadadiario.com\/index.php\/wp-json\/wp\/v2\/media?parent=59838"}],"wp:term":[{"taxonomy":"category","embeddable":true,"href":"https:\/\/www.actualidadadiario.com\/index.php\/wp-json\/wp\/v2\/categories?post=59838"},{"taxonomy":"post_tag","embeddable":true,"href":"https:\/\/www.actualidadadiario.com\/index.php\/wp-json\/wp\/v2\/tags?post=59838"}],"curies":[{"name":"wp","href":"https:\/\/api.w.org\/{rel}","templated":true}]}}