{"id":59829,"date":"2020-04-01T13:48:17","date_gmt":"2020-04-01T16:48:17","guid":{"rendered":"https:\/\/www.actualidadadiario.com\/?p=59829"},"modified":"2020-04-01T13:48:17","modified_gmt":"2020-04-01T16:48:17","slug":"salud-autorizo-la-prescripcion-y-venta-de-medicamentos-con-recetas-digitales","status":"publish","type":"post","link":"https:\/\/www.actualidadadiario.com\/index.php\/2020\/04\/01\/salud-autorizo-la-prescripcion-y-venta-de-medicamentos-con-recetas-digitales\/","title":{"rendered":"Salud autoriz\u00f3 la prescripci\u00f3n y venta de medicamentos con recetas digitales"},"content":{"rendered":"<p style=\"text-align: center;\"><em><strong>La decisi\u00f3n fue oficializada mediante la Resoluci\u00f3n 696\/2020 publicada hoy en el Bolet\u00edn Oficial<\/strong><\/em><\/p>\n<p>&nbsp;<\/p>\n<p>El Ministerio de Salud de la Naci\u00f3n autoriz\u00f3 hoy la prescripci\u00f3n y la venta de medicamentos mediante la presentaci\u00f3n de recetas en formatos digitales, mientras dure la medida de aislamiento social obligatorio por la pandemia de coronavirus.<\/p>\n<p>La decisi\u00f3n, que fue oficializada mediante la Resoluci\u00f3n 696\/2020 publicada hoy en el Bolet\u00edn Oficial, abarca medicamentos piscotr\u00f3picos, medicamentos para pacientes con tratamiento oncol\u00f3gico o con enfermedades cr\u00f3nicas no transmisibles (ECNT), y &#8220;cualquier otro medicamento que se utilicen bajo receta, excluidos los estupefacientes&#8221;.<\/p>\n<p>Para que la receta en estos formatos tenga validez deber\u00e1 reunir algunos requisitos como: ser &#8220;una foto de la receta con membrete del centro asistencial o del profesional prescriptor manuscrita o con letra imprenta de ordenador o receta electr\u00f3nica del financiador que permita identificar al profesional prescriptor&#8221;.<\/p>\n<p>Tambi\u00e9n debe cumplir con las previsiones dispuestas en la Ley N\u00ba 25.649 de Promoci\u00f3n de la Utilizaci\u00f3n de Medicamentos por su Nombre Gen\u00e9rico y estar firmada &#8220;de pu\u00f1o y letra o con firma digital, cumpliendo con las exigencias de la Ley N\u00b0 25.506 en el caso que corresponda y estar membretada con los datos del profesional o del financiador permitiendo identificar un\u00edvocamente al prescriptor&#8221;.<\/p>\n<p>La receta debe, adem\u00e1s, contar con sello con nombre, apellido y n\u00famero de matr\u00edcula del profesional, que de no figurar en el membrete por ser de un centro asistencial deber\u00e1 ser legible. &#8220;Esta exigencia regir\u00e1 si se firma digitalmente, aunque se tenga membrete siempre que no figure como ep\u00edgrafe en la receta digital del financiador&#8221;.<\/p>\n<p>Para que sea aceptada, la receta debe tener fecha posterior a la entrada en vigencia del Decreto N\u00ba 297\/2020, contener los datos completos del paciente al que se prescribe (nombre, apellido y documento) e incluir la leyenda \u201cRECETA DE EMERGENCIA COVID -19\u201d.<\/p>\n<p>Finalmente, no se podr\u00e1n prescribir unidades que superen el tratamiento mensual cr\u00f3nico y se prev\u00e9 que la validez &#8220;no superar\u00e1 los SIETE (7) d\u00edas corridos desde el d\u00eda de la prescripci\u00f3n para su presentaci\u00f3n a la efectiva dispensa&#8221;.<\/p>\n<p>La resoluci\u00f3n establece que la selecci\u00f3n de la farmacia para la provisi\u00f3n del medicamento &#8220;ser\u00e1 potestad del paciente&#8221; y recuerda que debe ser cercana al domicilio donde realiza el aislamiento.<\/p>\n<p>En tanto, los profesionales que prescriban deber\u00e1n habilitar registro denominado \u201cLibro prescriptor bajo COVID-19\u201d, donde colocar\u00e1n los datos establecidos en un anexo de la resoluci\u00f3n.<\/p>\n<p>Finalmente, se informa que aquellos pacientes que tengan en su poder recetas en formato de papel, podr\u00e1n utilizarla en un plazo de 90 d\u00edas desde su fecha de prescripci\u00f3n; en tanto que el m\u00e9dico podr\u00e1 prescribir en formato de papel los medicamentos de los tres pr\u00f3ximos meses de tratamiento para facilitar que no tenga que concurrir al consultorio.<\/p>\n","protected":false},"excerpt":{"rendered":"<p>La decisi\u00f3n fue oficializada mediante la Resoluci\u00f3n 696\/2020 publicada hoy en el Bolet\u00edn Oficial &nbsp; El Ministerio de Salud de la Naci\u00f3n autoriz\u00f3 hoy la prescripci\u00f3n y la venta de medicamentos mediante la presentaci\u00f3n de recetas en formatos digitales, mientras dure la medida de aislamiento social obligatorio por la pandemia de coronavirus. La decisi\u00f3n, que fue oficializada mediante la Resoluci\u00f3n 696\/2020 publicada hoy en el Bolet\u00edn Oficial, abarca medicamentos piscotr\u00f3picos, medicamentos para pacientes con tratamiento oncol\u00f3gico o con enfermedades cr\u00f3nicas no transmisibles (ECNT), y &#8220;cualquier otro medicamento que se utilicen&#8230;<\/p>\n","protected":false},"author":3,"featured_media":59830,"comment_status":"closed","ping_status":"closed","sticky":false,"template":"","format":"standard","meta":[],"categories":[2],"tags":[],"_links":{"self":[{"href":"https:\/\/www.actualidadadiario.com\/index.php\/wp-json\/wp\/v2\/posts\/59829"}],"collection":[{"href":"https:\/\/www.actualidadadiario.com\/index.php\/wp-json\/wp\/v2\/posts"}],"about":[{"href":"https:\/\/www.actualidadadiario.com\/index.php\/wp-json\/wp\/v2\/types\/post"}],"author":[{"embeddable":true,"href":"https:\/\/www.actualidadadiario.com\/index.php\/wp-json\/wp\/v2\/users\/3"}],"replies":[{"embeddable":true,"href":"https:\/\/www.actualidadadiario.com\/index.php\/wp-json\/wp\/v2\/comments?post=59829"}],"version-history":[{"count":1,"href":"https:\/\/www.actualidadadiario.com\/index.php\/wp-json\/wp\/v2\/posts\/59829\/revisions"}],"predecessor-version":[{"id":59831,"href":"https:\/\/www.actualidadadiario.com\/index.php\/wp-json\/wp\/v2\/posts\/59829\/revisions\/59831"}],"wp:featuredmedia":[{"embeddable":true,"href":"https:\/\/www.actualidadadiario.com\/index.php\/wp-json\/wp\/v2\/media\/59830"}],"wp:attachment":[{"href":"https:\/\/www.actualidadadiario.com\/index.php\/wp-json\/wp\/v2\/media?parent=59829"}],"wp:term":[{"taxonomy":"category","embeddable":true,"href":"https:\/\/www.actualidadadiario.com\/index.php\/wp-json\/wp\/v2\/categories?post=59829"},{"taxonomy":"post_tag","embeddable":true,"href":"https:\/\/www.actualidadadiario.com\/index.php\/wp-json\/wp\/v2\/tags?post=59829"}],"curies":[{"name":"wp","href":"https:\/\/api.w.org\/{rel}","templated":true}]}}