{"id":59819,"date":"2020-04-01T13:44:49","date_gmt":"2020-04-01T16:44:49","guid":{"rendered":"https:\/\/www.actualidadadiario.com\/?p=59819"},"modified":"2020-04-01T13:44:49","modified_gmt":"2020-04-01T16:44:49","slug":"extienden-el-plazo-para-la-repatriacion-de-fondos-en-el-exterior","status":"publish","type":"post","link":"https:\/\/www.actualidadadiario.com\/index.php\/2020\/04\/01\/extienden-el-plazo-para-la-repatriacion-de-fondos-en-el-exterior\/","title":{"rendered":"Extienden el plazo para la repatriaci\u00f3n de fondos en el exterior"},"content":{"rendered":"<p style=\"text-align: center;\"><em><strong>Ser\u00e1 hasta el 30 de abril, y prev\u00e9 una suspensi\u00f3n del aumento en la al\u00edcuota para quienes accedan dentro del per\u00edodo<\/strong><\/em><\/p>\n<p>&nbsp;<\/p>\n<p>&nbsp;<\/p>\n<p>El Gobierno extendi\u00f3 este mi\u00e9rcoles el plazo para la repatriaci\u00f3n de fondos en el exterior. Ser\u00e1 hasta el 30 de abril y quienes lo hagan, quedar\u00e1n exentos del aumento de la al\u00edcuota sobre bienes.<\/p>\n<p>La pr\u00f3rroga oficializada en el Bolet\u00edn Oficial altera la fecha de vencimiento original previsto para el martes pasado, y otorga un mes m\u00e1s para la declaraci\u00f3n de bienes. De esta forma, los contribuyentes alcanzados podr\u00e1n traer el 5% de sus tenencias y destinarlos a cajas de ahorro, cuentas corrientes o depositarlos en plazos fijos.<\/p>\n<p>&#8220;Teniendo en cuenta los acontecimientos actuales ocasionados por la propagaci\u00f3n mundial de la pandemia generada por el coronavirus que dieron lugar a la pr\u00f3rroga de la emergencia p\u00fablica en materia sanitaria y otras medidas dictadas en su consecuencia, resulta conveniente establecer una postergaci\u00f3n respecto del per\u00edodo fiscal 2019, hasta el 30 de abril, inclusive, del presente a\u00f1o de las normas de repatriaci\u00f3n de activos financieros situados en el exterior&#8221;, detalla la normativa 330.<\/p>\n<p>Adem\u00e1s, el texto oficial subraya que la pr\u00f3rroga permitir\u00e1 que los responsables del impuesto cuenten con un &#8220;mayor per\u00edodo de tiempo&#8221; a los fines de evaluar, analizar y adoptar la decisi\u00f3n que &#8220;estimen m\u00e1s conveniente&#8221;, y posibilitar\u00e1 a los profesionales intervinientes disponer de un plazo adicional para el desarrollo de todas las tareas vinculadas a ello.<\/p>\n<p>En tanto, la normativa oficializada en Bolet\u00edn Oficial resalta que el beneficio por repatriaci\u00f3n procede &#8220;\u00fanicamente&#8221; en la medida que esos fondos permanezcan depositados en una cuenta abierta a nombre de su titular en entidades bancarias hasta el 31 de diciembre, inclusive, del a\u00f1o calendario en que se hubiera verificado su ingreso.<\/p>\n","protected":false},"excerpt":{"rendered":"<p>Ser\u00e1 hasta el 30 de abril, y prev\u00e9 una suspensi\u00f3n del aumento en la al\u00edcuota para quienes accedan dentro del per\u00edodo &nbsp; &nbsp; El Gobierno extendi\u00f3 este mi\u00e9rcoles el plazo para la repatriaci\u00f3n de fondos en el exterior. Ser\u00e1 hasta el 30 de abril y quienes lo hagan, quedar\u00e1n exentos del aumento de la al\u00edcuota sobre bienes. La pr\u00f3rroga oficializada en el Bolet\u00edn Oficial altera la fecha de vencimiento original previsto para el martes pasado, y otorga un mes m\u00e1s para la declaraci\u00f3n de bienes. De esta forma, los contribuyentes&#8230;<\/p>\n","protected":false},"author":3,"featured_media":59820,"comment_status":"closed","ping_status":"closed","sticky":false,"template":"","format":"standard","meta":[],"categories":[2],"tags":[],"_links":{"self":[{"href":"https:\/\/www.actualidadadiario.com\/index.php\/wp-json\/wp\/v2\/posts\/59819"}],"collection":[{"href":"https:\/\/www.actualidadadiario.com\/index.php\/wp-json\/wp\/v2\/posts"}],"about":[{"href":"https:\/\/www.actualidadadiario.com\/index.php\/wp-json\/wp\/v2\/types\/post"}],"author":[{"embeddable":true,"href":"https:\/\/www.actualidadadiario.com\/index.php\/wp-json\/wp\/v2\/users\/3"}],"replies":[{"embeddable":true,"href":"https:\/\/www.actualidadadiario.com\/index.php\/wp-json\/wp\/v2\/comments?post=59819"}],"version-history":[{"count":1,"href":"https:\/\/www.actualidadadiario.com\/index.php\/wp-json\/wp\/v2\/posts\/59819\/revisions"}],"predecessor-version":[{"id":59821,"href":"https:\/\/www.actualidadadiario.com\/index.php\/wp-json\/wp\/v2\/posts\/59819\/revisions\/59821"}],"wp:featuredmedia":[{"embeddable":true,"href":"https:\/\/www.actualidadadiario.com\/index.php\/wp-json\/wp\/v2\/media\/59820"}],"wp:attachment":[{"href":"https:\/\/www.actualidadadiario.com\/index.php\/wp-json\/wp\/v2\/media?parent=59819"}],"wp:term":[{"taxonomy":"category","embeddable":true,"href":"https:\/\/www.actualidadadiario.com\/index.php\/wp-json\/wp\/v2\/categories?post=59819"},{"taxonomy":"post_tag","embeddable":true,"href":"https:\/\/www.actualidadadiario.com\/index.php\/wp-json\/wp\/v2\/tags?post=59819"}],"curies":[{"name":"wp","href":"https:\/\/api.w.org\/{rel}","templated":true}]}}