{"id":59816,"date":"2020-04-01T13:43:51","date_gmt":"2020-04-01T16:43:51","guid":{"rendered":"https:\/\/www.actualidadadiario.com\/?p=59816"},"modified":"2020-04-01T13:43:51","modified_gmt":"2020-04-01T16:43:51","slug":"alberto-fernandez-todos-estamos-subidos-en-un-mismo-barco","status":"publish","type":"post","link":"https:\/\/www.actualidadadiario.com\/index.php\/2020\/04\/01\/alberto-fernandez-todos-estamos-subidos-en-un-mismo-barco\/","title":{"rendered":"Alberto Fern\u00e1ndez: \u201cTodos estamos subidos en un mismo barco\u201d"},"content":{"rendered":"<p style=\"text-align: center;\"><em><strong>El presidente de la Naci\u00f3n invit\u00f3 a todos los sectores sociales a trabajar unidos contra el coronavirus<\/strong><\/em><\/p>\n<p>&nbsp;<\/p>\n<p>&nbsp;<\/p>\n<p>El presidente Alberto Fern\u00e1ndez utiliz\u00f3 su cuenta oficial de Twitter para enviarles un mensaje de concordia a los ciudadanos argentinos. \u201cEl 1 de marzo convoqu\u00e9 a los argentinos a trabajar unidos, para poner a nuestro pa\u00eds de pie, porque estamos todos a bordo del mismo barco y nuestra suerte individual ser\u00e1 la suerte de nuestra sociedad\u201d, escribi\u00f3 el mandatario.<\/p>\n<p>Recordando ese momento, volvi\u00f3 a insistir en esa premisa, en el marco de la propagaci\u00f3n del coronavirus en la Rep\u00fablica Argentina. \u201cHoy reitero esas palabras m\u00e1s que nunca. Sigamos unidos y cuid\u00e1ndonos\u201d, manifest\u00f3. En el comienzo de esta pandemia, el Gobierno decidi\u00f3 anticipar la curva de contagios y estableci\u00f3 una cuarentena obligatoria, que ahora se prolongar\u00e1 hasta el 12 de abril.<\/p>\n<p>Esta noticia genera muchos problemas a nivel econ\u00f3mico, pero el presidente decidi\u00f3 arriesgarse, no solo en lo financiero, sino tambi\u00e9n en los conflictos que esto podr\u00eda acarrear. \u201cA diferencia de la inmensa mayor\u00eda de los argentinos, hay quienes todav\u00eda no comprenden que todos estamos subidos en un mismo barco. Que nuestra suerte ser\u00e1 la misma como pa\u00eds y como sociedad\u201d, plante\u00f3 en el video que difundi\u00f3 en su cuenta de Twitter.<\/p>\n<p>La prolongaci\u00f3n del aislamiento social, obligatorio y preventivo gener\u00f3 cierto conflicto con el sector empresarial, es por ello que Fern\u00e1ndez busca apaciguar los \u00e1nimos en el momento donde el COVID-19 comienza a expandirse en el pa\u00eds. \u201cNecesitamos trabajar conjuntamente. Todos juntos. Sabemos que cuando decimos \u2018primero los \u00faltimos\u2019, estamos marcando que hay necesidades que reclaman ser atendidas\u201d, explic\u00f3.<\/p>\n<p>En este sentido, agreg\u00f3: \u201cHemos elegido la solidaridad como viga maestra de la reconstrucci\u00f3n nacional. Entendamos de una vez y para siempre que, en las crisis, las bander\u00edas pol\u00edticas deben ceder. La soluci\u00f3n de nuestras frustraciones sociales no depende solo de un presidente, dependen de nuestra vocaci\u00f3n social, de superarnos y de ser mejores\u201d.<\/p>\n<p>&nbsp;<\/p>\n<p><strong>La invitaci\u00f3n del presidente de la Naci\u00f3n<\/strong><\/p>\n<p>Por \u00faltimo, habl\u00f3 en primera persona y dijo: \u201cComo presidente de los argentinos, hago una invitaci\u00f3n a trabajar en ese rumbo, a todos los sectores sociales, a todas las provincias, a todas las fuerzas pol\u00edticas. El futuro est\u00e1 en nuestras manos y es con todos\u201d. En esta crisis sanitaria, el Gobierno Nacional apela a la concordia para sortear esta pandemia que asola a todo el planeta.<\/p>\n","protected":false},"excerpt":{"rendered":"<p>El presidente de la Naci\u00f3n invit\u00f3 a todos los sectores sociales a trabajar unidos contra el coronavirus &nbsp; &nbsp; El presidente Alberto Fern\u00e1ndez utiliz\u00f3 su cuenta oficial de Twitter para enviarles un mensaje de concordia a los ciudadanos argentinos. \u201cEl 1 de marzo convoqu\u00e9 a los argentinos a trabajar unidos, para poner a nuestro pa\u00eds de pie, porque estamos todos a bordo del mismo barco y nuestra suerte individual ser\u00e1 la suerte de nuestra sociedad\u201d, escribi\u00f3 el mandatario. Recordando ese momento, volvi\u00f3 a insistir en esa premisa, en el marco&#8230;<\/p>\n","protected":false},"author":3,"featured_media":59817,"comment_status":"closed","ping_status":"closed","sticky":false,"template":"","format":"standard","meta":[],"categories":[9],"tags":[],"_links":{"self":[{"href":"https:\/\/www.actualidadadiario.com\/index.php\/wp-json\/wp\/v2\/posts\/59816"}],"collection":[{"href":"https:\/\/www.actualidadadiario.com\/index.php\/wp-json\/wp\/v2\/posts"}],"about":[{"href":"https:\/\/www.actualidadadiario.com\/index.php\/wp-json\/wp\/v2\/types\/post"}],"author":[{"embeddable":true,"href":"https:\/\/www.actualidadadiario.com\/index.php\/wp-json\/wp\/v2\/users\/3"}],"replies":[{"embeddable":true,"href":"https:\/\/www.actualidadadiario.com\/index.php\/wp-json\/wp\/v2\/comments?post=59816"}],"version-history":[{"count":1,"href":"https:\/\/www.actualidadadiario.com\/index.php\/wp-json\/wp\/v2\/posts\/59816\/revisions"}],"predecessor-version":[{"id":59818,"href":"https:\/\/www.actualidadadiario.com\/index.php\/wp-json\/wp\/v2\/posts\/59816\/revisions\/59818"}],"wp:featuredmedia":[{"embeddable":true,"href":"https:\/\/www.actualidadadiario.com\/index.php\/wp-json\/wp\/v2\/media\/59817"}],"wp:attachment":[{"href":"https:\/\/www.actualidadadiario.com\/index.php\/wp-json\/wp\/v2\/media?parent=59816"}],"wp:term":[{"taxonomy":"category","embeddable":true,"href":"https:\/\/www.actualidadadiario.com\/index.php\/wp-json\/wp\/v2\/categories?post=59816"},{"taxonomy":"post_tag","embeddable":true,"href":"https:\/\/www.actualidadadiario.com\/index.php\/wp-json\/wp\/v2\/tags?post=59816"}],"curies":[{"name":"wp","href":"https:\/\/api.w.org\/{rel}","templated":true}]}}