{"id":59813,"date":"2020-04-01T13:42:55","date_gmt":"2020-04-01T16:42:55","guid":{"rendered":"https:\/\/www.actualidadadiario.com\/?p=59813"},"modified":"2020-04-01T13:42:55","modified_gmt":"2020-04-01T16:42:55","slug":"el-gobierno-crea-fondo-especial-para-pymes-quienes-podran-acceder","status":"publish","type":"post","link":"https:\/\/www.actualidadadiario.com\/index.php\/2020\/04\/01\/el-gobierno-crea-fondo-especial-para-pymes-quienes-podran-acceder\/","title":{"rendered":"El Gobierno crea fondo especial para Pymes: qui\u00e9nes podr\u00e1n acceder"},"content":{"rendered":"<p style=\"text-align: center;\"><em><strong>Ser\u00e1 una partida de 30.000 millones de pesos y se otorgar\u00e1 a peque\u00f1as y medianas empresas para hacer frente al pago de salarios<\/strong><\/em><\/p>\n<p>&nbsp;<\/p>\n<p>&nbsp;<\/p>\n<p>El Gobierno oficializ\u00f3 la creaci\u00f3n de un fondo especial de 30.000 millones de pesos destinado a otorgar &#8220;garant\u00edas espec\u00edficas&#8221; a peque\u00f1as y medianas empresas que tengan que acceder a cr\u00e9ditos para poder pagar salarios. De esta forma, el Ejecutivo intervendr\u00e1 como actor financiero ante el rechazo de los bancos por la &#8220;imposibilidad&#8221; de otorgar cr\u00e9ditos con tasa de inter\u00e9s del 24% que se ped\u00eda desde la Casa Rosada.<\/p>\n<p>El &#8220;Fondo de Afectaci\u00f3n Espec\u00edfica&#8221;, que se concretar\u00e1 por medio del Comit\u00e9 de Administraci\u00f3n del Fondo de Garant\u00edas Argentino (FoGAr), otorgar\u00e1 garant\u00edas para facilitar el acceso a pr\u00e9stamos para capital de trabajo, y ser\u00e1 ejecutado bajo la \u00f3rbita de la Jefatura de Gabinete a cargo de Santiago Cafiero.<\/p>\n<p>&#8220;El presidente Alberto Fern\u00e1ndez facult\u00f3 al Jefe de Gabinete a realizar las adecuaciones presupuestarias que resulten pertinentes a fin de transferir al FoGAr en concepto de aporte directo la suma de 30.000 millones&#8221;, precisaron fuentes oficiales, en tanto que subrayaron que el programa &#8220;otorgar\u00e1 garant\u00edas en favor de entidades financieras autorizadas por el Banco Central y las entidades no financieras que desarrollen herramientas de financiamiento&#8221;.<\/p>\n<p>&nbsp;<\/p>\n<p><strong>\u00bfQui\u00e9nes podr\u00e1n acceder?<\/strong><\/p>\n<p>Desde el Gobierno anticiparon que la partida tendr\u00e1 como objetivo garantizar el repago de los pr\u00e9stamos para capital de trabajo, incluyendo pagos de salarios, aportes y contribuciones patronales, y cobertura de cheques diferidos \u00fanicamente para:<\/p>\n<p>micro, peque\u00f1as y medianas empresas (MiPyMES) inscriptas en el Registro de Empresas MiPyMES previsto en el art\u00edculo 27 de la Ley N\u00ba 24.467, con Certificado MiPyME vigente, en tanto, las garant\u00edas podr\u00e1n cubrir hasta el 100% del pr\u00e9stamo tomado por las MiPyMES.<\/p>\n<p>La puesta en marcha del fondo especial para Pymes se suma al Programa de Asistencia de Emergencia al Trabajo y la Producci\u00f3n para empleadores y trabajadores afectados por la emergencia sanitaria, que el gobierno contin\u00faa delineado para hacer frente a la crisis por el impacto de la pandemia en el pa\u00eds.<\/p>\n<p>&nbsp;<\/p>\n<p><strong>\u00a0Algunos de los beneficios que se contemplan, entre los que se destacan:<\/strong><\/p>\n<p>&nbsp;<\/p>\n<ul>\n<li>la postergaci\u00f3n o reducci\u00f3n de hasta el 95% del pago de las contribuciones patronales al Sistema Integrado Previsional Argentino (SIPA)<\/li>\n<li>una asignaci\u00f3n compensatoria al salario, no remunerativa abonada por el Estado, a trav\u00e9s de la Anses, para todos los trabajadores del \u00e1mbito privado, los cuales est\u00e1n comprendidos en el r\u00e9gimen de negociaci\u00f3n fijado por la ley 14.250 (Convenciones Colectivas) para empresas de hasta 100 trabajadores.<\/li>\n<li>Tambi\u00e9n se prev\u00e9 un apartado para el Sistema Integral de Prestaciones por Desempleo, con los requisitos previstos en la Ley de Empleo (24.013), a fin de garantizar el acceso a una prestaci\u00f3n econ\u00f3mica a cesanteados, por un monto que va desde $6.000 hasta $ 10.000, seg\u00fan el sector alcanzado.<\/li>\n<\/ul>\n","protected":false},"excerpt":{"rendered":"<p>Ser\u00e1 una partida de 30.000 millones de pesos y se otorgar\u00e1 a peque\u00f1as y medianas empresas para hacer frente al pago de salarios &nbsp; &nbsp; El Gobierno oficializ\u00f3 la creaci\u00f3n de un fondo especial de 30.000 millones de pesos destinado a otorgar &#8220;garant\u00edas espec\u00edficas&#8221; a peque\u00f1as y medianas empresas que tengan que acceder a cr\u00e9ditos para poder pagar salarios. De esta forma, el Ejecutivo intervendr\u00e1 como actor financiero ante el rechazo de los bancos por la &#8220;imposibilidad&#8221; de otorgar cr\u00e9ditos con tasa de inter\u00e9s del 24% que se ped\u00eda desde&#8230;<\/p>\n","protected":false},"author":3,"featured_media":59814,"comment_status":"closed","ping_status":"closed","sticky":false,"template":"","format":"standard","meta":[],"categories":[9],"tags":[],"_links":{"self":[{"href":"https:\/\/www.actualidadadiario.com\/index.php\/wp-json\/wp\/v2\/posts\/59813"}],"collection":[{"href":"https:\/\/www.actualidadadiario.com\/index.php\/wp-json\/wp\/v2\/posts"}],"about":[{"href":"https:\/\/www.actualidadadiario.com\/index.php\/wp-json\/wp\/v2\/types\/post"}],"author":[{"embeddable":true,"href":"https:\/\/www.actualidadadiario.com\/index.php\/wp-json\/wp\/v2\/users\/3"}],"replies":[{"embeddable":true,"href":"https:\/\/www.actualidadadiario.com\/index.php\/wp-json\/wp\/v2\/comments?post=59813"}],"version-history":[{"count":1,"href":"https:\/\/www.actualidadadiario.com\/index.php\/wp-json\/wp\/v2\/posts\/59813\/revisions"}],"predecessor-version":[{"id":59815,"href":"https:\/\/www.actualidadadiario.com\/index.php\/wp-json\/wp\/v2\/posts\/59813\/revisions\/59815"}],"wp:featuredmedia":[{"embeddable":true,"href":"https:\/\/www.actualidadadiario.com\/index.php\/wp-json\/wp\/v2\/media\/59814"}],"wp:attachment":[{"href":"https:\/\/www.actualidadadiario.com\/index.php\/wp-json\/wp\/v2\/media?parent=59813"}],"wp:term":[{"taxonomy":"category","embeddable":true,"href":"https:\/\/www.actualidadadiario.com\/index.php\/wp-json\/wp\/v2\/categories?post=59813"},{"taxonomy":"post_tag","embeddable":true,"href":"https:\/\/www.actualidadadiario.com\/index.php\/wp-json\/wp\/v2\/tags?post=59813"}],"curies":[{"name":"wp","href":"https:\/\/api.w.org\/{rel}","templated":true}]}}