{"id":59810,"date":"2020-04-01T13:42:06","date_gmt":"2020-04-01T16:42:06","guid":{"rendered":"https:\/\/www.actualidadadiario.com\/?p=59810"},"modified":"2020-04-01T13:42:06","modified_gmt":"2020-04-01T16:42:06","slug":"de-los-nuevos-infectados-en-la-argentina-mas-de-la-mitad-son-contagios-no-importados","status":"publish","type":"post","link":"https:\/\/www.actualidadadiario.com\/index.php\/2020\/04\/01\/de-los-nuevos-infectados-en-la-argentina-mas-de-la-mitad-son-contagios-no-importados\/","title":{"rendered":"De los nuevos infectados en la Argentina, m\u00e1s de la mitad son contagios no importados"},"content":{"rendered":"<p style=\"text-align: center;\"><em><strong>La secretaria de Acceso a la Salud, Carla Vizzotti, brind\u00f3 esta ma\u00f1ana el reporte diario desde el Ministerio de Salud sobre las novedades de la pandemia en el pa\u00eds junto con Alejandro Costa, subsecretario de Estrategias Sanitarias<\/strong><\/em><\/p>\n<p>&nbsp;<\/p>\n<p>&nbsp;<\/p>\n<p>M\u00e1s de la mitad de los 88 nuevos casos de coronavirus confirmados en las \u00faltimas horas por el Ministerio de Salud de la Naci\u00f3n corresponden a pacientes que no tienen antecedente directo de viaje y se explican como &#8220;casos locales o en conglomerado&#8221;.<\/p>\n<p>As\u00ed se desprende del reporte diario brindado esta ma\u00f1ana por la cartera sanitaria sobre las novedades de la pandemia en el pa\u00eds, acto que encabez\u00f3 la secretaria de Acceso a la Salud, Carla Vizzotti, junto a la jefa de Infectolog\u00eda del hospital Houssay de Vicente L\u00f3pez, Laura Barcelona y al subsecretario de Estrategias Sanitarias, Alejandro Costa.<\/p>\n<p>De los 88 casos, 47 corresponden a &#8220;casos locales o en conglomerado&#8221;, 40 son &#8220;importados&#8221; y 1 est\u00e1 en investigaci\u00f3n epidemiol\u00f3gica.<\/p>\n<p>El alza en los contagios comunitarios tambi\u00e9n tiene su impacto en el balance total de infectados: en la actualidad s\u00f3lo el 50,2% de los 1054 casos argentinos est\u00e1n relacionados directamente con viajes a zonas pand\u00e9micas.<\/p>\n<p>Vizzotti coment\u00f3 que la variaci\u00f3n del porcentaje y la ca\u00edda en la predominancia de casos importados dan sustento a las medidas de distanciamiento que buscan contener la propagaci\u00f3n comunitaria del virus.<\/p>\n<p>La funcionaria dijo que &#8220;este distanciamiento social que pregonamos tiene una connotaci\u00f3n dura para la poblaci\u00f3n&#8221;, aludiendo a &#8220;esa imposibilidad por ahora de visitarnos entre familias y amigos&#8221;.<\/p>\n<p>&#8220;Pero no quiere decir que sea distancia social&#8221;, complet\u00f3 Vizzotti, quien dijo que &#8220;es un desaf\u00edo&#8221; para que desde el punto de vista m\u00e9dico, &#8220;replanteemos el impacto que tiene en la poblaci\u00f3n&#8221;.<\/p>\n<p>La funcionaria se\u00f1al\u00f3 que el n\u00famero de personas internadas &#8220;contin\u00faa estable&#8221; y que &#8220;la buena noticia del aumento de las altas&#8221; est\u00e1 relacionada con aquel 80% por ciento de los casos de contagios, atraviesan la enfermedad en su condici\u00f3n menos agresiva.<\/p>\n<p>Tambi\u00e9n, dijo que la carga de resultados de an\u00e1lisis por los 13 laboratorios que ya est\u00e1n realizando las pruebas diagn\u00f3sticas da un &#8220;\u00edndice de positividad del 23%&#8221;.<\/p>\n<p>Por su parte, la infect\u00f3loga Laura Barcelona, explic\u00f3 c\u00f3mo se est\u00e1n preparando las unidades asistenciales para soportar un alza en los contagios y coment\u00f3 que &#8220;una raz\u00f3n m\u00e1s para quedarse en casa&#8221; es que esa actitud ralentiza el contagio y &#8220;est\u00e1 brindando tiempo&#8221; de gracia al sistema de salud.<\/p>\n<p>&#8220;Cada uno tiene un rol fundamental e irreemplazable&#8221;, dijo la jefa de Infectolog\u00eda del hospital Houssay de Vicente L\u00f3pez, y puso por caso la labor camilleros, ambulancieros y del personal de limpieza para minimizar la exposici\u00f3n al virus entre m\u00e9dicos y enfermeros.<\/p>\n<p>Adem\u00e1s, dijo que es muy importante el entrenamiento en el uso del material de protecci\u00f3n -camisol\u00edn, barbijo quir\u00fargico, protecci\u00f3n ocular, entre otros- y su posterior descarte.<\/p>\n<p>En ese sentido, record\u00f3 que los barbijos de alta protecci\u00f3n deben reservarse para la ejecuci\u00f3n de maniobras de mayor riesgo al virus, como es la &#8220;intubaci\u00f3n&#8221; de pacientes.<\/p>\n<p>Tambi\u00e9n insisti\u00f3 en que el entrenamiento del personal para afrontar la crisis implica que &#8220;aprender a cumplir roles para los que no est\u00e1bamos formados&#8221;.<\/p>\n<p>&#8220;Cada uno de nosotros va a tener que reemplazar alg\u00fan compa\u00f1ero y cumplir roles diferentes&#8221;, coment\u00f3 Barcelona.<\/p>\n<p>Por otro lado, subray\u00f3 la necesidad de aplicar una atenci\u00f3n diferenciada para los pacientes con enfermedades &#8220;respiratorias&#8221; y &#8220;febriles&#8221;, incluyendo la separaci\u00f3n de espacios de guardia, internaci\u00f3n y terapia intensiva.<\/p>\n<p>&#8220;Si cada uno se protege, est\u00e1 protegiendo a sus compa\u00f1eros de trabajo y a su familia tambi\u00e9n&#8221;, concluy\u00f3.<\/p>\n<p>En la Argentina hay registrados hasta ayer -fecha del \u00faltimo reporte- 1.054 casos confirmados en 21 provincias con un promedio de edad de 45 a\u00f1os, siendo el 57 por ciento varones.<\/p>\n<p>En tanto los fallecidos suman 27, con un promedio de edad de 68 a\u00f1os, hay 55 internados en unidades de terapia intensiva, hubo 248 altas provisorias y 30 definitivas.<\/p>\n","protected":false},"excerpt":{"rendered":"<p>La secretaria de Acceso a la Salud, Carla Vizzotti, brind\u00f3 esta ma\u00f1ana el reporte diario desde el Ministerio de Salud sobre las novedades de la pandemia en el pa\u00eds junto con Alejandro Costa, subsecretario de Estrategias Sanitarias &nbsp; &nbsp; M\u00e1s de la mitad de los 88 nuevos casos de coronavirus confirmados en las \u00faltimas horas por el Ministerio de Salud de la Naci\u00f3n corresponden a pacientes que no tienen antecedente directo de viaje y se explican como &#8220;casos locales o en conglomerado&#8221;. As\u00ed se desprende del reporte diario brindado esta&#8230;<\/p>\n","protected":false},"author":3,"featured_media":59811,"comment_status":"closed","ping_status":"closed","sticky":false,"template":"","format":"standard","meta":[],"categories":[9],"tags":[],"_links":{"self":[{"href":"https:\/\/www.actualidadadiario.com\/index.php\/wp-json\/wp\/v2\/posts\/59810"}],"collection":[{"href":"https:\/\/www.actualidadadiario.com\/index.php\/wp-json\/wp\/v2\/posts"}],"about":[{"href":"https:\/\/www.actualidadadiario.com\/index.php\/wp-json\/wp\/v2\/types\/post"}],"author":[{"embeddable":true,"href":"https:\/\/www.actualidadadiario.com\/index.php\/wp-json\/wp\/v2\/users\/3"}],"replies":[{"embeddable":true,"href":"https:\/\/www.actualidadadiario.com\/index.php\/wp-json\/wp\/v2\/comments?post=59810"}],"version-history":[{"count":1,"href":"https:\/\/www.actualidadadiario.com\/index.php\/wp-json\/wp\/v2\/posts\/59810\/revisions"}],"predecessor-version":[{"id":59812,"href":"https:\/\/www.actualidadadiario.com\/index.php\/wp-json\/wp\/v2\/posts\/59810\/revisions\/59812"}],"wp:featuredmedia":[{"embeddable":true,"href":"https:\/\/www.actualidadadiario.com\/index.php\/wp-json\/wp\/v2\/media\/59811"}],"wp:attachment":[{"href":"https:\/\/www.actualidadadiario.com\/index.php\/wp-json\/wp\/v2\/media?parent=59810"}],"wp:term":[{"taxonomy":"category","embeddable":true,"href":"https:\/\/www.actualidadadiario.com\/index.php\/wp-json\/wp\/v2\/categories?post=59810"},{"taxonomy":"post_tag","embeddable":true,"href":"https:\/\/www.actualidadadiario.com\/index.php\/wp-json\/wp\/v2\/tags?post=59810"}],"curies":[{"name":"wp","href":"https:\/\/api.w.org\/{rel}","templated":true}]}}