{"id":59807,"date":"2020-04-01T13:41:04","date_gmt":"2020-04-01T16:41:04","guid":{"rendered":"https:\/\/www.actualidadadiario.com\/?p=59807"},"modified":"2020-04-01T13:41:04","modified_gmt":"2020-04-01T16:41:04","slug":"se-cumplen-tres-anos-del-femicidio-de-micaela-garcia","status":"publish","type":"post","link":"https:\/\/www.actualidadadiario.com\/index.php\/2020\/04\/01\/se-cumplen-tres-anos-del-femicidio-de-micaela-garcia\/","title":{"rendered":"Se cumplen tres a\u00f1os del femicidio de Micaela  Garc\u00eda"},"content":{"rendered":"<p style=\"text-align: center;\"><em><strong>La Fundaci\u00f3n Micaela Garc\u00eda \u201cLa Negra\u201d inici\u00f3 una campa\u00f1a para recordar a la joven e invit\u00f3 a toda la sociedad a adherir enviando una foto o video con la consigna #3A\u00f1osSinMica \u00b7\u00a0 \u201cHace tres a\u00f1os nos uni\u00f3 el dolor de su p\u00e9rdida, hoy nos mantenemos hermanadas para que sus sue\u00f1os de una patria igualitaria y feminista se conviertan en realidad\u201d, se remarc\u00f3 desde la entidad<\/strong><\/em><\/p>\n<p>&nbsp;<\/p>\n<p>&nbsp;<\/p>\n<p>Este 1\u00ba de abril se cumplen\u00a0 tres a\u00f1os del femicidio de Micaela \u201cLa Negra\u201d Garc\u00eda. En la madrugada de ese d\u00eda del 2017, la joven fue interceptada por Sebasti\u00e1n Wagner cuando volv\u00eda de bailar en Gualeguay, donde viv\u00eda. Una semana despu\u00e9s, el s\u00e1bado 8 de abril, su cuerpo fue hallado en un descampado en las afueras de la ciudad.<\/p>\n<p>\u201cNo queremos que nos arrebaten ninguna piba m\u00e1s ni que el Estado sea c\u00f3mplice o no est\u00e9 a la altura de nuestras demandas, por eso exigimos #LeyMicaelaYa\u201d, se lee en la convocatoria de\u00a0 la\u00a0 Fundaci\u00f3n, que adem\u00e1s invita a la sociedad a enviar \u201csus fotos y\/o videos con la imagen que creamos como consigna este a\u00f1o: #3A\u00f1osSinMica\u201d.<\/p>\n<p>Por su parte, N\u00e9stor \u201cYuyo\u201d Garc\u00eda, padre de Micaela, record\u00f3 a su hija en redes. \u201cTres a\u00f1os sin mi Negra!!!! Mucho dolor y mucho orgullo tambi\u00e9n!!!\u201d, poste\u00f3.<\/p>\n<p>&nbsp;<\/p>\n<p><strong>Texto completo de la Fundaci\u00f3n Micaela Garc\u00eda \u201cLa Negra\u201d:<\/strong><\/p>\n<p><em>\u201cINVITAMOS A TODA LA SOCIEDAD A ADHERIRSE. #3A\u00f1osSinMica<\/em><\/p>\n<p><em>\u00a0<\/em><\/p>\n<p><em>Este 1\u00b0 de Abril de 2020, nos encontramos a 3 a\u00f1os del femicidio de Micaela Garc\u00eda, quien en la madrugada de dicho d\u00eda volv\u00eda de disfrutar de una noche con sus amigos\/as y compa\u00f1eros\/as de la facultad en el boliche King de la localidad de Gualeguay -Entre R\u00edos- cuando fue secuestrada, violada y asesinada por Sebasti\u00e1n Wagner, con la complicidad de N\u00e9stor Pav\u00f3n y por la incompetencia del Juez Rossi.<\/em><\/p>\n<p><em>\u00a0<\/em><\/p>\n<p><em>En 2012, Wagner hab\u00eda sido condenado a nueve a\u00f1os de prisi\u00f3n por abuso sexual y estuvo en la c\u00e1rcel hasta que el juez de Ejecuci\u00f3n de Penas de Gualeguaych\u00fa, Carlos Rossi, lo liber\u00f3 en 2016, a pesar de un informe del Servicio Penitenciario que desaconsej\u00f3 esa decisi\u00f3n. A ra\u00edz de esto, la Justicia recibi\u00f3 siete pedidos para destituir a Rossi, quien enfrent\u00f3 un jurado de enjuiciamiento por mal desempe\u00f1o y falta de idoneidad, aunque a\u00fan as\u00ed fue absuelto. Los magistrados Carubia, Carlomagno y Giorgio, y el abogado Beher\u00e1n votaron a favor de dicha absoluci\u00f3n.<\/em><\/p>\n<p><em>\u00a0<\/em><\/p>\n<p><em>En diciembre del 2018 se sancion\u00f3 la Ley 27.499 conocida como LEY MICAELA, que busca prevenir, sancionar y erradicar la violencia que ejecutan los agentes del ESTADO contra las mujeres y las disidencias, a trav\u00e9s de capacitaciones transversales, obligatorias y permanentes en perspectiva de g\u00e9nero.<\/em><\/p>\n<p><em>\u00a0<\/em><\/p>\n<p><em>Hace tres a\u00f1os nos uni\u00f3 el dolor de su p\u00e9rdida, hoy nos mantenemos hermanadas para que sus sue\u00f1os de una patria igualitaria y feminista se conviertan en realidad porque su voz ahora es el grito de miles que exigimos no solo el cumplimiento de la ley por parte del Estado sino que tambi\u00e9n llamamos a todas\/os\/es, a tomar el compromiso social que \u00e9sta genera. Su compa\u00f1erismo y su amor son parte de la fuerza con la que cada d\u00eda nos enfrentamos al mundo, juntas, porque nos hizo entender que de eso se trata.<\/em><\/p>\n<p><em>\u00a0<\/em><\/p>\n<p><em>No queremos que nos arrebaten ninguna piba m\u00e1s ni que el Estado sea c\u00f3mplice o no est\u00e9 a la altura de nuestras demandas, por eso exigimos #LeyMicaelaYa e INVITAMOS A QUE NOS ENV\u00cdEN SUS FOTOS Y\/O VIDEOS CON LA IMAGEN QUE CREAMOS COMO CONSIGNA ESTE A\u00d1O: #3A\u00f1osSinMica\u201d.<\/em><\/p>\n","protected":false},"excerpt":{"rendered":"<p>La Fundaci\u00f3n Micaela Garc\u00eda \u201cLa Negra\u201d inici\u00f3 una campa\u00f1a para recordar a la joven e invit\u00f3 a toda la sociedad a adherir enviando una foto o video con la consigna #3A\u00f1osSinMica \u00b7\u00a0 \u201cHace tres a\u00f1os nos uni\u00f3 el dolor de su p\u00e9rdida, hoy nos mantenemos hermanadas para que sus sue\u00f1os de una patria igualitaria y feminista se conviertan en realidad\u201d, se remarc\u00f3 desde la entidad &nbsp; &nbsp; Este 1\u00ba de abril se cumplen\u00a0 tres a\u00f1os del femicidio de Micaela \u201cLa Negra\u201d Garc\u00eda. En la madrugada de ese d\u00eda del 2017,&#8230;<\/p>\n","protected":false},"author":3,"featured_media":59808,"comment_status":"closed","ping_status":"closed","sticky":false,"template":"","format":"standard","meta":[],"categories":[15],"tags":[],"_links":{"self":[{"href":"https:\/\/www.actualidadadiario.com\/index.php\/wp-json\/wp\/v2\/posts\/59807"}],"collection":[{"href":"https:\/\/www.actualidadadiario.com\/index.php\/wp-json\/wp\/v2\/posts"}],"about":[{"href":"https:\/\/www.actualidadadiario.com\/index.php\/wp-json\/wp\/v2\/types\/post"}],"author":[{"embeddable":true,"href":"https:\/\/www.actualidadadiario.com\/index.php\/wp-json\/wp\/v2\/users\/3"}],"replies":[{"embeddable":true,"href":"https:\/\/www.actualidadadiario.com\/index.php\/wp-json\/wp\/v2\/comments?post=59807"}],"version-history":[{"count":1,"href":"https:\/\/www.actualidadadiario.com\/index.php\/wp-json\/wp\/v2\/posts\/59807\/revisions"}],"predecessor-version":[{"id":59809,"href":"https:\/\/www.actualidadadiario.com\/index.php\/wp-json\/wp\/v2\/posts\/59807\/revisions\/59809"}],"wp:featuredmedia":[{"embeddable":true,"href":"https:\/\/www.actualidadadiario.com\/index.php\/wp-json\/wp\/v2\/media\/59808"}],"wp:attachment":[{"href":"https:\/\/www.actualidadadiario.com\/index.php\/wp-json\/wp\/v2\/media?parent=59807"}],"wp:term":[{"taxonomy":"category","embeddable":true,"href":"https:\/\/www.actualidadadiario.com\/index.php\/wp-json\/wp\/v2\/categories?post=59807"},{"taxonomy":"post_tag","embeddable":true,"href":"https:\/\/www.actualidadadiario.com\/index.php\/wp-json\/wp\/v2\/tags?post=59807"}],"curies":[{"name":"wp","href":"https:\/\/api.w.org\/{rel}","templated":true}]}}